{"id":14306,"date":"2025-06-24T12:10:20","date_gmt":"2025-06-24T12:10:20","guid":{"rendered":"https:\/\/www.mubilexpo.eus\/?p=14306"},"modified":"2025-06-24T12:17:57","modified_gmt":"2025-06-24T12:17:57","slug":"reunion-du-comite-technique-de-mubil-mobility-expo-pour-discuter-de-lorganisation-de-sa-cinquieme-edition-qui-se-tiendra-sous-la-devise-la-mobilite-qui-transforme","status":"publish","type":"post","link":"https:\/\/www.mubilexpo.eus\/fr\/reunion-du-comite-technique-de-mubil-mobility-expo-pour-discuter-de-lorganisation-de-sa-cinquieme-edition-qui-se-tiendra-sous-la-devise-la-mobilite-qui-transforme\/","title":{"rendered":"R\u00e9union du comit\u00e9 technique de MUBIL Mobility Expo pour discuter de l\u2019organisation de sa cinqui\u00e8me \u00e9dition, qui se tiendra sous la devise \u00ab\u00a0La mobilit\u00e9 qui transforme\u00a0\u00bb"},"content":{"rendered":"\n<p><em>(<\/em><em>Donostia \u2013 Saint-S\u00e9bastien, 24&nbsp;juin&nbsp;2025).<\/em> Le comit\u00e9 technique de MUBIL Mobility Expo, le salon professionnel de r\u00e9f\u00e9rence pour l\u2019industrie de la mobilit\u00e9 durable dans le sud de l\u2019Europe, s\u2019est r\u00e9uni ce matin \u00e0 Ficoba, le si\u00e8ge de l\u2019\u00e9v\u00e9nement, pour discuter des avanc\u00e9es dans l\u2019organisation de sa cinqui\u00e8me \u00e9dition, qui se tiendra dans ce m\u00eame espace les 25 et 26&nbsp;mars.<\/p>\n\n\n\n<p>Cette r\u00e9union a lieu quelques jours apr\u00e8s le d\u00e9but officiel de la commercialisation du salon, qui suscite d\u00e9j\u00e0 un int\u00e9r\u00eat consid\u00e9rable parmi les entreprises exposantes, les acteurs publics et priv\u00e9s, ainsi que les entit\u00e9s li\u00e9es au d\u00e9veloppement de solutions innovantes et durables pour la mobilit\u00e9 du futur.<\/p>\n\n\n\n<p>Sous la devise \u00ab\u00a0La mobilit\u00e9 qui transforme\u00a0\u00bb, cette \u00e9dition mettra l\u2019accent sur l\u2019impact tangible, positif et transformateur que la mobilit\u00e9 durable \u2014\u00a0via la num\u00e9risation et l\u2019innovation\u00a0\u2014 g\u00e9n\u00e8re dans de nombreux secteurs\u00a0: l\u2019industrie et sa cha\u00eene de valeur, la r\u00e9glementation et la normalisation, le d\u00e9veloppement urbain et territorial et, naturellement, dans la qualit\u00e9 de vie des personnes.<\/p>\n\n\n\n<p>Au cours de la r\u00e9union du comit\u00e9 technique, les progr\u00e8s dans des aspects cl\u00e9s de l\u2019organisation ont \u00e9t\u00e9 discut\u00e9s&nbsp;: de la captation d\u2019entreprises exposantes jusqu\u2019au design du programme de contenus et d\u2019activit\u00e9s parall\u00e8les qui feront cette ann\u00e9e encore de MUBIL Mobility Expo le point de rencontre professionnel par excellence pour la mobilit\u00e9 durable&nbsp;: propre, accessible, fiable et connect\u00e9e.<\/p>\n\n\n\n<p>Un espace dans lequel les principaux acteurs publics et priv\u00e9s du secteur se rencontrent et o\u00f9 les besoins pr\u00e9sents et les d\u00e9fis futurs de la mobilit\u00e9 durable trouvent des solutions industrielles et num\u00e9riques de derni\u00e8re g\u00e9n\u00e9ration.<\/p>\n\n\n\n<p><strong>\u00c0 propos de MUBIL Mobility Expo<\/strong><\/p>\n\n\n\n<p>MUBIL Mobility Expo, le salon professionnel de l\u2019industrie de la mobilit\u00e9 durable dans le sud de l\u2019Europe, est un \u00e9v\u00e9nement organis\u00e9 par MUBIL, hub de mobilit\u00e9 intelligente et durable d\u2019Euskadi, cr\u00e9\u00e9 dans le cadre de l\u2019initiative Etorkizuna Eraikiz du Conseil r\u00e9gional de<\/p>\n\n\n\n<p>Guipuzcoa (D\u00e9partement de promotion \u00e9conomique et projets strat\u00e9giques), et qui b\u00e9n\u00e9ficie du soutien du Gouvernement basque (D\u00e9partement de l\u2019industrie, de la transition \u00e9nerg\u00e9tique et de la durabilit\u00e9) et de l\u2019EVE (Agence de l\u2019\u00c9nergie du Pays basque), dans le but de consolider les capacit\u00e9s existantes dans ce secteur, de promouvoir son d\u00e9veloppement et de renforcer la comp\u00e9titivit\u00e9 et le positionnement international du tissu d\u2019entreprises dans ce domaine.<\/p>\n\n\n\n<p><strong>Membres du comit\u00e9 technique de MUBIL Mobility Expo&nbsp;&nbsp;&nbsp;&nbsp;&nbsp;&nbsp;&nbsp;&nbsp;&nbsp;&nbsp;&nbsp;&nbsp;<\/strong><\/p>\n\n\n\n<p>Le comit\u00e9 technique de MUBIL Mobility Expo se compose de repr\u00e9sentants d\u2019institutions publiques, d\u2019entreprises, de centres technologiques et d\u2019associations li\u00e9es \u00e0 la mobilit\u00e9 durable et \u00e0 l\u2019\u00e9nergie.<\/p>\n\n\n\n<ul class=\"wp-block-list\">\n<li>AEDIVE (Association professionnelle pour le d\u00e9veloppement et la promotion du v\u00e9hicule \u00e9lectrique)\u00a0\u00a0\u00a0\u00a0\u00a0\u00a0<\/li>\n\n\n\n<li>Basquenergy Cluster<\/li>\n\n\n\n<li>BRTA-Basque Research and Technology Alliance<\/li>\n\n\n\n<li>Bureau de l&rsquo;Euror\u00e9gion Aquitaine-Euskadi-Navarre<\/li>\n\n\n\n<li>Chambre du Commerce de Gipuzkoa<\/li>\n\n\n\n<li>Cluster de la mobilit\u00e9 et la logistique d&rsquo;Euskadi\u00a0<\/li>\n\n\n\n<li>Conseil r\u00e9gional de Guipuzcoa. D\u00e9partement de promotion \u00e9conomique et projets strat\u00e9giques<\/li>\n\n\n\n<li>Dbus<\/li>\n\n\n\n<li>Direb\u00fas<\/li>\n\n\n\n<li>Donosti Bus<\/li>\n\n\n\n<li>EIT Innoenergy<\/li>\n\n\n\n<li>EIT Urban Mobility<\/li>\n\n\n\n<li>EVE. Agence de l&rsquo;\u00c9nergie du Pays basque<\/li>\n\n\n\n<li>Evsare<\/li>\n\n\n\n<li>Ficoba<\/li>\n\n\n\n<li>Gouvernement basque. D\u00e9partement de l\u2019industrie, de la transition \u00e9nerg\u00e9tique et de la durabilit\u00e9<\/li>\n\n\n\n<li>Groupe CAF<\/li>\n\n\n\n<li>Iberdrola<\/li>\n\n\n\n<li>Irizar e-mobility<\/li>\n\n\n\n<li>MUBIL<\/li>\n\n\n\n<li>Ordre officiel des Ing\u00e9nieurs industriels de Gipuzkoa<\/li>\n\n\n\n<li>Petronor<\/li>\n\n\n\n<li>Tecnalia<\/li>\n<\/ul>\n","protected":false},"excerpt":{"rendered":"<p>(Donostia \u2013 Saint-S\u00e9bastien, 24&nbsp;juin&nbsp;2025). Le comit\u00e9 technique de MUBIL Mobility Expo, le salon professionnel de r\u00e9f\u00e9rence pour l\u2019industrie de la mobilit\u00e9 durable dans le sud de l\u2019Europe, s\u2019est r\u00e9uni ce matin \u00e0 Ficoba, le si\u00e8ge de l\u2019\u00e9v\u00e9nement, pour discuter des avanc\u00e9es dans l\u2019organisation de sa cinqui\u00e8me \u00e9dition, qui se tiendra dans ce m\u00eame espace les [&hellip;]<\/p>\n","protected":false},"author":2,"featured_media":14300,"comment_status":"open","ping_status":"open","sticky":false,"template":"","format":"standard","meta":{"footnotes":""},"categories":[70],"tags":[],"class_list":["post-14306","post","type-post","status-publish","format-standard","has-post-thumbnail","hentry","category-edition-2026"],"yoast_head":"<!-- This site is optimized with the Yoast SEO plugin v27.1.1 - https:\/\/yoast.com\/product\/yoast-seo-wordpress\/ -->\n<title>R\u00e9union du comit\u00e9 technique de MUBIL Mobility Expo pour discuter de l\u2019organisation de sa cinqui\u00e8me \u00e9dition, qui se tiendra sous la devise \u00ab\u00a0La mobilit\u00e9 qui transforme\u00a0\u00bb - Mubil Mobility Expo<\/title>\n<meta name=\"description\" content=\"La feria profesional de la industria de la movilidad sostenible en el sur de Europa.\" \/>\n<meta name=\"robots\" content=\"index, follow, max-snippet:-1, max-image-preview:large, max-video-preview:-1\" \/>\n<link rel=\"canonical\" href=\"https:\/\/www.mubilexpo.eus\/fr\/reunion-du-comite-technique-de-mubil-mobility-expo-pour-discuter-de-lorganisation-de-sa-cinquieme-edition-qui-se-tiendra-sous-la-devise-la-mobilite-qui-transforme\/\" \/>\n<meta property=\"og:locale\" content=\"fr_FR\" \/>\n<meta property=\"og:type\" content=\"article\" \/>\n<meta property=\"og:title\" content=\"R\u00e9union du comit\u00e9 technique de MUBIL Mobility Expo pour discuter de l\u2019organisation de sa cinqui\u00e8me \u00e9dition, qui se tiendra sous la devise \u00ab\u00a0La mobilit\u00e9 qui transforme\u00a0\u00bb - Mubil Mobility Expo\" \/>\n<meta property=\"og:description\" content=\"La feria profesional de la industria de la movilidad sostenible en el sur de Europa.\" \/>\n<meta property=\"og:url\" content=\"https:\/\/www.mubilexpo.eus\/fr\/reunion-du-comite-technique-de-mubil-mobility-expo-pour-discuter-de-lorganisation-de-sa-cinquieme-edition-qui-se-tiendra-sous-la-devise-la-mobilite-qui-transforme\/\" \/>\n<meta property=\"og:site_name\" content=\"Mubil Mobility Expo\" \/>\n<meta property=\"article:published_time\" content=\"2025-06-24T12:10:20+00:00\" \/>\n<meta property=\"article:modified_time\" content=\"2025-06-24T12:17:57+00:00\" \/>\n<meta property=\"og:image\" content=\"https:\/\/www.mubilexpo.eus\/wp-content\/uploads\/2025\/06\/Comite_tecnico_24_06_2025-scaled.jpg\" \/>\n\t<meta property=\"og:image:width\" content=\"2560\" \/>\n\t<meta property=\"og:image:height\" content=\"1922\" \/>\n\t<meta property=\"og:image:type\" content=\"image\/jpeg\" \/>\n<meta name=\"author\" content=\"Uxue Aira\" \/>\n<meta name=\"twitter:card\" content=\"summary_large_image\" \/>\n<meta name=\"twitter:creator\" content=\"@mubilexpo\" \/>\n<meta name=\"twitter:site\" content=\"@mubilexpo\" \/>\n<meta name=\"twitter:label1\" content=\"\u00c9crit par\" \/>\n\t<meta name=\"twitter:data1\" content=\"Uxue Aira\" \/>\n\t<meta name=\"twitter:label2\" content=\"Dur\u00e9e de lecture estim\u00e9e\" \/>\n\t<meta name=\"twitter:data2\" content=\"3 minutes\" \/>\n<script type=\"application\/ld+json\" class=\"yoast-schema-graph\">{\"@context\":\"https:\/\/schema.org\",\"@graph\":[{\"@type\":\"Article\",\"@id\":\"https:\/\/www.mubilexpo.eus\/fr\/reunion-du-comite-technique-de-mubil-mobility-expo-pour-discuter-de-lorganisation-de-sa-cinquieme-edition-qui-se-tiendra-sous-la-devise-la-mobilite-qui-transforme\/#article\",\"isPartOf\":{\"@id\":\"https:\/\/www.mubilexpo.eus\/fr\/reunion-du-comite-technique-de-mubil-mobility-expo-pour-discuter-de-lorganisation-de-sa-cinquieme-edition-qui-se-tiendra-sous-la-devise-la-mobilite-qui-transforme\/\"},\"author\":{\"name\":\"Uxue Aira\",\"@id\":\"https:\/\/www.mubilexpo.eus\/#\/schema\/person\/0793e78b838a0c883f92a54c2f2ca995\"},\"headline\":\"R\u00e9union du comit\u00e9 technique de MUBIL Mobility Expo pour discuter de l\u2019organisation de sa cinqui\u00e8me \u00e9dition, qui se tiendra sous la devise \u00ab\u00a0La mobilit\u00e9 qui transforme\u00a0\u00bb\",\"datePublished\":\"2025-06-24T12:10:20+00:00\",\"dateModified\":\"2025-06-24T12:17:57+00:00\",\"mainEntityOfPage\":{\"@id\":\"https:\/\/www.mubilexpo.eus\/fr\/reunion-du-comite-technique-de-mubil-mobility-expo-pour-discuter-de-lorganisation-de-sa-cinquieme-edition-qui-se-tiendra-sous-la-devise-la-mobilite-qui-transforme\/\"},\"wordCount\":630,\"commentCount\":0,\"publisher\":{\"@id\":\"https:\/\/www.mubilexpo.eus\/#organization\"},\"image\":{\"@id\":\"https:\/\/www.mubilexpo.eus\/fr\/reunion-du-comite-technique-de-mubil-mobility-expo-pour-discuter-de-lorganisation-de-sa-cinquieme-edition-qui-se-tiendra-sous-la-devise-la-mobilite-qui-transforme\/#primaryimage\"},\"thumbnailUrl\":\"https:\/\/www.mubilexpo.eus\/wp-content\/uploads\/2025\/06\/Comite_tecnico_24_06_2025-scaled.jpg\",\"articleSection\":[\"\u00c9dition 2026\"],\"inLanguage\":\"fr-FR\",\"potentialAction\":[{\"@type\":\"CommentAction\",\"name\":\"Comment\",\"target\":[\"https:\/\/www.mubilexpo.eus\/fr\/reunion-du-comite-technique-de-mubil-mobility-expo-pour-discuter-de-lorganisation-de-sa-cinquieme-edition-qui-se-tiendra-sous-la-devise-la-mobilite-qui-transforme\/#respond\"]}]},{\"@type\":\"WebPage\",\"@id\":\"https:\/\/www.mubilexpo.eus\/fr\/reunion-du-comite-technique-de-mubil-mobility-expo-pour-discuter-de-lorganisation-de-sa-cinquieme-edition-qui-se-tiendra-sous-la-devise-la-mobilite-qui-transforme\/\",\"url\":\"https:\/\/www.mubilexpo.eus\/fr\/reunion-du-comite-technique-de-mubil-mobility-expo-pour-discuter-de-lorganisation-de-sa-cinquieme-edition-qui-se-tiendra-sous-la-devise-la-mobilite-qui-transforme\/\",\"name\":\"R\u00e9union du comit\u00e9 technique de MUBIL Mobility Expo pour discuter de l\u2019organisation de sa cinqui\u00e8me \u00e9dition, qui se tiendra sous la devise \u00ab\u00a0La mobilit\u00e9 qui transforme\u00a0\u00bb - Mubil Mobility Expo\",\"isPartOf\":{\"@id\":\"https:\/\/www.mubilexpo.eus\/#website\"},\"primaryImageOfPage\":{\"@id\":\"https:\/\/www.mubilexpo.eus\/fr\/reunion-du-comite-technique-de-mubil-mobility-expo-pour-discuter-de-lorganisation-de-sa-cinquieme-edition-qui-se-tiendra-sous-la-devise-la-mobilite-qui-transforme\/#primaryimage\"},\"image\":{\"@id\":\"https:\/\/www.mubilexpo.eus\/fr\/reunion-du-comite-technique-de-mubil-mobility-expo-pour-discuter-de-lorganisation-de-sa-cinquieme-edition-qui-se-tiendra-sous-la-devise-la-mobilite-qui-transforme\/#primaryimage\"},\"thumbnailUrl\":\"https:\/\/www.mubilexpo.eus\/wp-content\/uploads\/2025\/06\/Comite_tecnico_24_06_2025-scaled.jpg\",\"datePublished\":\"2025-06-24T12:10:20+00:00\",\"dateModified\":\"2025-06-24T12:17:57+00:00\",\"description\":\"La feria profesional de la industria de la movilidad sostenible en el sur de Europa.\",\"breadcrumb\":{\"@id\":\"https:\/\/www.mubilexpo.eus\/fr\/reunion-du-comite-technique-de-mubil-mobility-expo-pour-discuter-de-lorganisation-de-sa-cinquieme-edition-qui-se-tiendra-sous-la-devise-la-mobilite-qui-transforme\/#breadcrumb\"},\"inLanguage\":\"fr-FR\",\"potentialAction\":[{\"@type\":\"ReadAction\",\"target\":[\"https:\/\/www.mubilexpo.eus\/fr\/reunion-du-comite-technique-de-mubil-mobility-expo-pour-discuter-de-lorganisation-de-sa-cinquieme-edition-qui-se-tiendra-sous-la-devise-la-mobilite-qui-transforme\/\"]}]},{\"@type\":\"ImageObject\",\"inLanguage\":\"fr-FR\",\"@id\":\"https:\/\/www.mubilexpo.eus\/fr\/reunion-du-comite-technique-de-mubil-mobility-expo-pour-discuter-de-lorganisation-de-sa-cinquieme-edition-qui-se-tiendra-sous-la-devise-la-mobilite-qui-transforme\/#primaryimage\",\"url\":\"https:\/\/www.mubilexpo.eus\/wp-content\/uploads\/2025\/06\/Comite_tecnico_24_06_2025-scaled.jpg\",\"contentUrl\":\"https:\/\/www.mubilexpo.eus\/wp-content\/uploads\/2025\/06\/Comite_tecnico_24_06_2025-scaled.jpg\",\"width\":2560,\"height\":1922},{\"@type\":\"BreadcrumbList\",\"@id\":\"https:\/\/www.mubilexpo.eus\/fr\/reunion-du-comite-technique-de-mubil-mobility-expo-pour-discuter-de-lorganisation-de-sa-cinquieme-edition-qui-se-tiendra-sous-la-devise-la-mobilite-qui-transforme\/#breadcrumb\",\"itemListElement\":[{\"@type\":\"ListItem\",\"position\":1,\"name\":\"Portada\",\"item\":\"https:\/\/www.mubilexpo.eus\/fr\/home\/\"},{\"@type\":\"ListItem\",\"position\":2,\"name\":\"R\u00e9union du comit\u00e9 technique de MUBIL Mobility Expo pour discuter de l\u2019organisation de sa cinqui\u00e8me \u00e9dition, qui se tiendra sous la devise \u00ab\u00a0La mobilit\u00e9 qui transforme\u00a0\u00bb\"}]},{\"@type\":\"WebSite\",\"@id\":\"https:\/\/www.mubilexpo.eus\/#website\",\"url\":\"https:\/\/www.mubilexpo.eus\/\",\"name\":\"Mubil Mobility Expo\",\"description\":\"5e \u00e9dition du salon professionnel de la mobilit\u00e9 durable, avec des solutions industrielles et num\u00e9riques. 25\u201326 mars 2026 \u00e0 FICOBA (Basque Country).\",\"publisher\":{\"@id\":\"https:\/\/www.mubilexpo.eus\/#organization\"},\"alternateName\":\"La feria profesional de la industria de la movilidad sostenible en el sur de Europa.\",\"potentialAction\":[{\"@type\":\"SearchAction\",\"target\":{\"@type\":\"EntryPoint\",\"urlTemplate\":\"https:\/\/www.mubilexpo.eus\/?s={search_term_string}\"},\"query-input\":{\"@type\":\"PropertyValueSpecification\",\"valueRequired\":true,\"valueName\":\"search_term_string\"}}],\"inLanguage\":\"fr-FR\"},{\"@type\":\"Organization\",\"@id\":\"https:\/\/www.mubilexpo.eus\/#organization\",\"name\":\"Mubil Mobility Expo\",\"alternateName\":\"La feria profesional de la industria de la movilidad sostenible en el sur de Europa.\",\"url\":\"https:\/\/www.mubilexpo.eus\/\",\"logo\":{\"@type\":\"ImageObject\",\"inLanguage\":\"fr-FR\",\"@id\":\"https:\/\/www.mubilexpo.eus\/#\/schema\/logo\/image\/\",\"url\":\"https:\/\/www.mubilexpo.eus\/wp-content\/uploads\/2023\/05\/AZUL_horizontal.png\",\"contentUrl\":\"https:\/\/www.mubilexpo.eus\/wp-content\/uploads\/2023\/05\/AZUL_horizontal.png\",\"width\":3781,\"height\":286,\"caption\":\"Mubil Mobility Expo\"},\"image\":{\"@id\":\"https:\/\/www.mubilexpo.eus\/#\/schema\/logo\/image\/\"},\"sameAs\":[\"https:\/\/x.com\/mubilexpo\",\"https:\/\/www.linkedin.com\/company\/mubilexpo\/\"]},{\"@type\":\"Person\",\"@id\":\"https:\/\/www.mubilexpo.eus\/#\/schema\/person\/0793e78b838a0c883f92a54c2f2ca995\",\"name\":\"Uxue Aira\",\"image\":{\"@type\":\"ImageObject\",\"inLanguage\":\"fr-FR\",\"@id\":\"https:\/\/www.mubilexpo.eus\/#\/schema\/person\/image\/\",\"url\":\"https:\/\/secure.gravatar.com\/avatar\/972263eb2a9b0141d18266190429a838793c2d49f3e4d2873ade05c73eb3c91c?s=96&d=mm&r=g\",\"contentUrl\":\"https:\/\/secure.gravatar.com\/avatar\/972263eb2a9b0141d18266190429a838793c2d49f3e4d2873ade05c73eb3c91c?s=96&d=mm&r=g\",\"caption\":\"Uxue Aira\"},\"url\":\"https:\/\/www.mubilexpo.eus\/fr\/author\/uxue\/\"}]}<\/script>\n<!-- \/ Yoast SEO plugin. -->","yoast_head_json":{"title":"R\u00e9union du comit\u00e9 technique de MUBIL Mobility Expo pour discuter de l\u2019organisation de sa cinqui\u00e8me \u00e9dition, qui se tiendra sous la devise \u00ab\u00a0La mobilit\u00e9 qui transforme\u00a0\u00bb - Mubil Mobility Expo","description":"La feria profesional de la industria de la movilidad sostenible en el sur de Europa.","robots":{"index":"index","follow":"follow","max-snippet":"max-snippet:-1","max-image-preview":"max-image-preview:large","max-video-preview":"max-video-preview:-1"},"canonical":"https:\/\/www.mubilexpo.eus\/fr\/reunion-du-comite-technique-de-mubil-mobility-expo-pour-discuter-de-lorganisation-de-sa-cinquieme-edition-qui-se-tiendra-sous-la-devise-la-mobilite-qui-transforme\/","og_locale":"fr_FR","og_type":"article","og_title":"R\u00e9union du comit\u00e9 technique de MUBIL Mobility Expo pour discuter de l\u2019organisation de sa cinqui\u00e8me \u00e9dition, qui se tiendra sous la devise \u00ab\u00a0La mobilit\u00e9 qui transforme\u00a0\u00bb - Mubil Mobility Expo","og_description":"La feria profesional de la industria de la movilidad sostenible en el sur de Europa.","og_url":"https:\/\/www.mubilexpo.eus\/fr\/reunion-du-comite-technique-de-mubil-mobility-expo-pour-discuter-de-lorganisation-de-sa-cinquieme-edition-qui-se-tiendra-sous-la-devise-la-mobilite-qui-transforme\/","og_site_name":"Mubil Mobility Expo","article_published_time":"2025-06-24T12:10:20+00:00","article_modified_time":"2025-06-24T12:17:57+00:00","og_image":[{"width":2560,"height":1922,"url":"https:\/\/www.mubilexpo.eus\/wp-content\/uploads\/2025\/06\/Comite_tecnico_24_06_2025-scaled.jpg","type":"image\/jpeg"}],"author":"Uxue Aira","twitter_card":"summary_large_image","twitter_creator":"@mubilexpo","twitter_site":"@mubilexpo","twitter_misc":{"\u00c9crit par":"Uxue Aira","Dur\u00e9e de lecture estim\u00e9e":"3 minutes"},"schema":{"@context":"https:\/\/schema.org","@graph":[{"@type":"Article","@id":"https:\/\/www.mubilexpo.eus\/fr\/reunion-du-comite-technique-de-mubil-mobility-expo-pour-discuter-de-lorganisation-de-sa-cinquieme-edition-qui-se-tiendra-sous-la-devise-la-mobilite-qui-transforme\/#article","isPartOf":{"@id":"https:\/\/www.mubilexpo.eus\/fr\/reunion-du-comite-technique-de-mubil-mobility-expo-pour-discuter-de-lorganisation-de-sa-cinquieme-edition-qui-se-tiendra-sous-la-devise-la-mobilite-qui-transforme\/"},"author":{"name":"Uxue Aira","@id":"https:\/\/www.mubilexpo.eus\/#\/schema\/person\/0793e78b838a0c883f92a54c2f2ca995"},"headline":"R\u00e9union du comit\u00e9 technique de MUBIL Mobility Expo pour discuter de l\u2019organisation de sa cinqui\u00e8me \u00e9dition, qui se tiendra sous la devise \u00ab\u00a0La mobilit\u00e9 qui transforme\u00a0\u00bb","datePublished":"2025-06-24T12:10:20+00:00","dateModified":"2025-06-24T12:17:57+00:00","mainEntityOfPage":{"@id":"https:\/\/www.mubilexpo.eus\/fr\/reunion-du-comite-technique-de-mubil-mobility-expo-pour-discuter-de-lorganisation-de-sa-cinquieme-edition-qui-se-tiendra-sous-la-devise-la-mobilite-qui-transforme\/"},"wordCount":630,"commentCount":0,"publisher":{"@id":"https:\/\/www.mubilexpo.eus\/#organization"},"image":{"@id":"https:\/\/www.mubilexpo.eus\/fr\/reunion-du-comite-technique-de-mubil-mobility-expo-pour-discuter-de-lorganisation-de-sa-cinquieme-edition-qui-se-tiendra-sous-la-devise-la-mobilite-qui-transforme\/#primaryimage"},"thumbnailUrl":"https:\/\/www.mubilexpo.eus\/wp-content\/uploads\/2025\/06\/Comite_tecnico_24_06_2025-scaled.jpg","articleSection":["\u00c9dition 2026"],"inLanguage":"fr-FR","potentialAction":[{"@type":"CommentAction","name":"Comment","target":["https:\/\/www.mubilexpo.eus\/fr\/reunion-du-comite-technique-de-mubil-mobility-expo-pour-discuter-de-lorganisation-de-sa-cinquieme-edition-qui-se-tiendra-sous-la-devise-la-mobilite-qui-transforme\/#respond"]}]},{"@type":"WebPage","@id":"https:\/\/www.mubilexpo.eus\/fr\/reunion-du-comite-technique-de-mubil-mobility-expo-pour-discuter-de-lorganisation-de-sa-cinquieme-edition-qui-se-tiendra-sous-la-devise-la-mobilite-qui-transforme\/","url":"https:\/\/www.mubilexpo.eus\/fr\/reunion-du-comite-technique-de-mubil-mobility-expo-pour-discuter-de-lorganisation-de-sa-cinquieme-edition-qui-se-tiendra-sous-la-devise-la-mobilite-qui-transforme\/","name":"R\u00e9union du comit\u00e9 technique de MUBIL Mobility Expo pour discuter de l\u2019organisation de sa cinqui\u00e8me \u00e9dition, qui se tiendra sous la devise \u00ab\u00a0La mobilit\u00e9 qui transforme\u00a0\u00bb - Mubil Mobility Expo","isPartOf":{"@id":"https:\/\/www.mubilexpo.eus\/#website"},"primaryImageOfPage":{"@id":"https:\/\/www.mubilexpo.eus\/fr\/reunion-du-comite-technique-de-mubil-mobility-expo-pour-discuter-de-lorganisation-de-sa-cinquieme-edition-qui-se-tiendra-sous-la-devise-la-mobilite-qui-transforme\/#primaryimage"},"image":{"@id":"https:\/\/www.mubilexpo.eus\/fr\/reunion-du-comite-technique-de-mubil-mobility-expo-pour-discuter-de-lorganisation-de-sa-cinquieme-edition-qui-se-tiendra-sous-la-devise-la-mobilite-qui-transforme\/#primaryimage"},"thumbnailUrl":"https:\/\/www.mubilexpo.eus\/wp-content\/uploads\/2025\/06\/Comite_tecnico_24_06_2025-scaled.jpg","datePublished":"2025-06-24T12:10:20+00:00","dateModified":"2025-06-24T12:17:57+00:00","description":"La feria profesional de la industria de la movilidad sostenible en el sur de Europa.","breadcrumb":{"@id":"https:\/\/www.mubilexpo.eus\/fr\/reunion-du-comite-technique-de-mubil-mobility-expo-pour-discuter-de-lorganisation-de-sa-cinquieme-edition-qui-se-tiendra-sous-la-devise-la-mobilite-qui-transforme\/#breadcrumb"},"inLanguage":"fr-FR","potentialAction":[{"@type":"ReadAction","target":["https:\/\/www.mubilexpo.eus\/fr\/reunion-du-comite-technique-de-mubil-mobility-expo-pour-discuter-de-lorganisation-de-sa-cinquieme-edition-qui-se-tiendra-sous-la-devise-la-mobilite-qui-transforme\/"]}]},{"@type":"ImageObject","inLanguage":"fr-FR","@id":"https:\/\/www.mubilexpo.eus\/fr\/reunion-du-comite-technique-de-mubil-mobility-expo-pour-discuter-de-lorganisation-de-sa-cinquieme-edition-qui-se-tiendra-sous-la-devise-la-mobilite-qui-transforme\/#primaryimage","url":"https:\/\/www.mubilexpo.eus\/wp-content\/uploads\/2025\/06\/Comite_tecnico_24_06_2025-scaled.jpg","contentUrl":"https:\/\/www.mubilexpo.eus\/wp-content\/uploads\/2025\/06\/Comite_tecnico_24_06_2025-scaled.jpg","width":2560,"height":1922},{"@type":"BreadcrumbList","@id":"https:\/\/www.mubilexpo.eus\/fr\/reunion-du-comite-technique-de-mubil-mobility-expo-pour-discuter-de-lorganisation-de-sa-cinquieme-edition-qui-se-tiendra-sous-la-devise-la-mobilite-qui-transforme\/#breadcrumb","itemListElement":[{"@type":"ListItem","position":1,"name":"Portada","item":"https:\/\/www.mubilexpo.eus\/fr\/home\/"},{"@type":"ListItem","position":2,"name":"R\u00e9union du comit\u00e9 technique de MUBIL Mobility Expo pour discuter de l\u2019organisation de sa cinqui\u00e8me \u00e9dition, qui se tiendra sous la devise \u00ab\u00a0La mobilit\u00e9 qui transforme\u00a0\u00bb"}]},{"@type":"WebSite","@id":"https:\/\/www.mubilexpo.eus\/#website","url":"https:\/\/www.mubilexpo.eus\/","name":"Mubil Mobility Expo","description":"5e \u00e9dition du salon professionnel de la mobilit\u00e9 durable, avec des solutions industrielles et num\u00e9riques. 25\u201326 mars 2026 \u00e0 FICOBA (Basque Country).","publisher":{"@id":"https:\/\/www.mubilexpo.eus\/#organization"},"alternateName":"La feria profesional de la industria de la movilidad sostenible en el sur de Europa.","potentialAction":[{"@type":"SearchAction","target":{"@type":"EntryPoint","urlTemplate":"https:\/\/www.mubilexpo.eus\/?s={search_term_string}"},"query-input":{"@type":"PropertyValueSpecification","valueRequired":true,"valueName":"search_term_string"}}],"inLanguage":"fr-FR"},{"@type":"Organization","@id":"https:\/\/www.mubilexpo.eus\/#organization","name":"Mubil Mobility Expo","alternateName":"La feria profesional de la industria de la movilidad sostenible en el sur de Europa.","url":"https:\/\/www.mubilexpo.eus\/","logo":{"@type":"ImageObject","inLanguage":"fr-FR","@id":"https:\/\/www.mubilexpo.eus\/#\/schema\/logo\/image\/","url":"https:\/\/www.mubilexpo.eus\/wp-content\/uploads\/2023\/05\/AZUL_horizontal.png","contentUrl":"https:\/\/www.mubilexpo.eus\/wp-content\/uploads\/2023\/05\/AZUL_horizontal.png","width":3781,"height":286,"caption":"Mubil Mobility Expo"},"image":{"@id":"https:\/\/www.mubilexpo.eus\/#\/schema\/logo\/image\/"},"sameAs":["https:\/\/x.com\/mubilexpo","https:\/\/www.linkedin.com\/company\/mubilexpo\/"]},{"@type":"Person","@id":"https:\/\/www.mubilexpo.eus\/#\/schema\/person\/0793e78b838a0c883f92a54c2f2ca995","name":"Uxue Aira","image":{"@type":"ImageObject","inLanguage":"fr-FR","@id":"https:\/\/www.mubilexpo.eus\/#\/schema\/person\/image\/","url":"https:\/\/secure.gravatar.com\/avatar\/972263eb2a9b0141d18266190429a838793c2d49f3e4d2873ade05c73eb3c91c?s=96&d=mm&r=g","contentUrl":"https:\/\/secure.gravatar.com\/avatar\/972263eb2a9b0141d18266190429a838793c2d49f3e4d2873ade05c73eb3c91c?s=96&d=mm&r=g","caption":"Uxue Aira"},"url":"https:\/\/www.mubilexpo.eus\/fr\/author\/uxue\/"}]}},"_links":{"self":[{"href":"https:\/\/www.mubilexpo.eus\/fr\/wp-json\/wp\/v2\/posts\/14306","targetHints":{"allow":["GET"]}}],"collection":[{"href":"https:\/\/www.mubilexpo.eus\/fr\/wp-json\/wp\/v2\/posts"}],"about":[{"href":"https:\/\/www.mubilexpo.eus\/fr\/wp-json\/wp\/v2\/types\/post"}],"author":[{"embeddable":true,"href":"https:\/\/www.mubilexpo.eus\/fr\/wp-json\/wp\/v2\/users\/2"}],"replies":[{"embeddable":true,"href":"https:\/\/www.mubilexpo.eus\/fr\/wp-json\/wp\/v2\/comments?post=14306"}],"version-history":[{"count":1,"href":"https:\/\/www.mubilexpo.eus\/fr\/wp-json\/wp\/v2\/posts\/14306\/revisions"}],"predecessor-version":[{"id":14307,"href":"https:\/\/www.mubilexpo.eus\/fr\/wp-json\/wp\/v2\/posts\/14306\/revisions\/14307"}],"wp:featuredmedia":[{"embeddable":true,"href":"https:\/\/www.mubilexpo.eus\/fr\/wp-json\/wp\/v2\/media\/14300"}],"wp:attachment":[{"href":"https:\/\/www.mubilexpo.eus\/fr\/wp-json\/wp\/v2\/media?parent=14306"}],"wp:term":[{"taxonomy":"category","embeddable":true,"href":"https:\/\/www.mubilexpo.eus\/fr\/wp-json\/wp\/v2\/categories?post=14306"},{"taxonomy":"post_tag","embeddable":true,"href":"https:\/\/www.mubilexpo.eus\/fr\/wp-json\/wp\/v2\/tags?post=14306"}],"curies":[{"name":"wp","href":"https:\/\/api.w.org\/{rel}","templated":true}]}}