{"id":3696,"date":"2018-10-22T10:37:00","date_gmt":"2018-10-22T10:37:00","guid":{"rendered":"https:\/\/www.mubilexpo.eus\/70-exposants-dans-la-premiere-e70-exposants-dans-la-premiere-edition-de-go-mobility\/"},"modified":"2023-05-22T18:51:34","modified_gmt":"2023-05-22T18:51:34","slug":"70-exposants-dans-la-premiere-e70-exposants-dans-la-premiere-edition-de-go-mobility","status":"publish","type":"post","link":"https:\/\/www.mubilexpo.eus\/fr\/70-exposants-dans-la-premiere-e70-exposants-dans-la-premiere-edition-de-go-mobility\/","title":{"rendered":"70 exposants dans la premi\u00e8re \u00e970 exposants dans la premi\u00e8re \u00e9dition de Go Mobility"},"content":{"rendered":"\n<ul class=\"wp-block-list\">\n<li><strong>Des conf\u00e9renciers de r\u00e9f\u00e9rence comme Michael Liebreich et Claudia Pe\u00f1aranda participeront au salon de la mobilit\u00e9 durable<\/strong><\/li>\n\n\n\n<li><strong>qui se tiendra le 27 et 28 novembre \u00e0 Ficoba<\/strong><\/li>\n<\/ul>\n\n<p>Go Mobility a presque conclu le processus de commercialisation de cette premi\u00e8re exhibition industrielle du Sud de l\u2019Europe en mati\u00e8re de mobilit\u00e9 durable de l\u2019avenir, qui s\u2019adresse aux professionnels et aux entreprises du secteur de la mobilit\u00e9 durable et du stockage d\u2019\u00e9nergie.<\/p>\n\n<p>Soixante-dix exposants ont confirm\u00e9 leur participation \u00e0 Go Mobility, c\u2019est pourquoi les efforts sont \u00e0 pr\u00e9sent ax\u00e9s sur l\u2019obtention de visiteurs professionnels qui souhaiteraient rencontrer et interagir directement avec les entreprises exposantes, les centres technologiques, les administrations, les centres de formation et les start-ups de r\u00e9f\u00e9rence \u00e0 l\u2019\u00e9chelle europ\u00e9enne et conna\u00eetre des solutions hautement innovantes pour leurs besoins en investissement.<\/p>\n\n<p><strong>Conf\u00e9renciers de premier ordre<\/strong><\/p>\n\n<p>Un des attraits de Go Mobility, aussi bien pour les exposants que les visiteurs, est le panel des conf\u00e9renciers. Parmi ceux-ci, on peut citer Michael Liebreich, pr\u00e9sident et PDG de Liebreich Associates, plus connu en tant que fondateur de Bloomberg New Energy Finance \u2013 leader mondial en mati\u00e8re d\u2019information et de recherche sur les \u00e9nergies propres et le transport. Il est \u00e9galement membre du Conseil des transports de Londres, professeur visiteur \u00e0 l\u2019Imperial College et membre du groupe de haut niveau pour les Nations Unies de l\u2019initiative \u00c9nergie durable pour tous.  <\/p>\n\n<p>Go Mobility sera \u00e9galement une vitrine de la strat\u00e9gie de mobilit\u00e9 durable du Pays basque. Le conseiller basque pour le d\u00e9veloppement \u00e9conomique et les infrastructures, Arantza Tapia, donnera une conf\u00e9rence sur l&rsquo;engagement du Pays basque en faveur de la mobilit\u00e9 durable : les \u00e9tapes franchies jusqu&rsquo;\u00e0 pr\u00e9sent, les projets en cours et les d\u00e9fis pour l&rsquo;avenir. <\/p>\n\n<p>Claudia Pe\u00f1aranda, architecte v\u00e9n\u00e9zu\u00e9lienne et docteur en urbanisme qui entre 2015 et 2017 a dirig\u00e9 l\u2019\u00e9quipe ayant d\u00e9fini et donn\u00e9 la priorit\u00e9 au r\u00e9seau strat\u00e9gique de pistes cyclables pour toute la r\u00e9gion m\u00e9tropolitaine de Londres, a \u00e9galement confirm\u00e9 sa participation. Elle r\u00e9dige actuellement des plans strat\u00e9giques sous-r\u00e9gionaux de croissance durable et g\u00e8re la production d\u2019\u00e9tudes de viabilit\u00e9 pour de grands projets d\u2019infrastructure du transport, en int\u00e9grant la planification de nouveaux logements et celle du transport public et la mobilit\u00e9 \u00e0 v\u00e9lo. <\/p>\n\n<p>Le panel d&rsquo;orateurs comprendra \u00e9galement des experts de premier plan tels qu&rsquo;Isabell B\u00fcschel, expert national pour l&rsquo;Espagne chez Transport&amp;Environment, qui expliquera comment stimuler la transition vers l&rsquo;\u00e9lectromobilit\u00e9 en Europe. Daniel Serra, directeur ex\u00e9cutif de CARNET \u00e0 l&rsquo;Universit\u00e9 polytechnique de Catalogne, proposera une approche innovante de la mobilit\u00e9 avec sa conf\u00e9rence Mobility as a Service, disrupting mobilitymarket.<\/p>\n\n<p>Arturo P\u00e9rez, directeur de l&rsquo;AEDIVE, l&rsquo;Association des entreprises pour le d\u00e9veloppement et la promotion du v\u00e9hicule \u00e9lectrique, qui rassemble des entreprises innovantes de l&rsquo;ensemble de la cha\u00eene de valeur du v\u00e9hicule \u00e9lectrique, sera charg\u00e9 de montrer comment la mobilit\u00e9 \u00e9lectrique est d\u00e9ploy\u00e9e en Espagne. Jaime Rodr\u00edguez de Santiago-Concha y Argos, directeur g\u00e9n\u00e9ral de BlaBlaCar Espagne, Portugal et Allemagne, axera son discours sur les nouveaux mod\u00e8les commerciaux dans le domaine de la mobilit\u00e9 collaborative. <\/p>\n\n<p>Go Mobility \u2013 Le Salon basque de l\u2019Industrie de la mobilit\u00e9 durable est organis\u00e9 par le d\u00e9partement de la Promotion \u00e9conomique, de l\u2019Environnement rural et de l\u2019\u00c9quilibre territorial du Conseil G\u00e9n\u00e9ral de Guipuzcoa et s\u2019inscrit dans le cadre de la Strat\u00e9gie de Guipuzcoa pour le D\u00e9veloppement industriel en mobilit\u00e9 \u00e9lectrique.<\/p>\n\n<p><strong>Une forte repr\u00e9sentation au Market Place<\/strong><\/p>\n\n<p>Afin de conna\u00eetre des bonnes pratiques, des propositions et des cas de r\u00e9ussite, Go Mobility a mis en marche plusieurs initiatives qui compl\u00e8tent le programme du salon. C\u2019est le cas de Market Place, qui a pour but de favoriser la rencontre entre des villes qui pr\u00e9sentent des d\u00e9fis pr\u00e9cis en mati\u00e8re de mobilit\u00e9 durable et des entreprises qui proposent des produits, des services et des solutions pour les atteindre. <\/p>\n\n<p>Des villes telles que Dundee en \u00c9cosse, r\u00e9cemment reconnue comme la ville la plus amicale pour les v\u00e9hicules \u00e9lectriques d\u2019Europe, Dublin, Bordeaux, Bilbao, Copenhague, Donostia-San Sebasti\u00e1n, Madrid, Thessalonique, Vitoria-Gasteiz ou Irun pr\u00e9senteront leurs d\u00e9fis sous forme d\u2019\u00abElevator Pitch\u00bb (br\u00e8ve pr\u00e9sentation) et participeront \u00e0 des rencontres avec des entreprises priv\u00e9es pour aborder la possibilit\u00e9 de r\u00e9aliser des collaborations \u00e0 forte valeur en mati\u00e8re de mobilit\u00e9 durable.<\/p>\n\n<p>Go Mobility \u2013 Le Salon basque de l\u2019Industrie de la mobilit\u00e9 durable est organis\u00e9 par le d\u00e9partement de la Promotion \u00e9conomique, de l\u2019Environnement rural et de l\u2019\u00c9quilibre territorial du Conseil G\u00e9n\u00e9ral de Guipuzcoa et s\u2019inscrit dans le cadre de la Strat\u00e9gie de Guipuzcoa pour le D\u00e9veloppement industriel en mobilit\u00e9 \u00e9lectrique.<\/p>\n","protected":false},"excerpt":{"rendered":"<p>Go Mobility a presque conclu le processus de commercialisation de cette premi\u00e8re exhibition industrielle du Sud de l\u2019Europe en mati\u00e8re de mobilit\u00e9 durable de l\u2019avenir, qui s\u2019adresse aux professionnels et aux entreprises du secteur de la mobilit\u00e9 durable et du stockage d\u2019\u00e9nergie. Soixante-dix exposants ont confirm\u00e9 leur participation \u00e0 Go Mobility, c\u2019est pourquoi les efforts [&hellip;]<\/p>\n","protected":false},"author":2,"featured_media":0,"comment_status":"closed","ping_status":"open","sticky":false,"template":"","format":"standard","meta":{"footnotes":""},"categories":[37],"tags":[],"class_list":["post-3696","post","type-post","status-publish","format-standard","hentry","category-edition-2018-fr"],"yoast_head":"<!-- This site is optimized with the Yoast SEO plugin v27.1.1 - https:\/\/yoast.com\/product\/yoast-seo-wordpress\/ -->\n<title>70 exposants dans la premi\u00e8re \u00e970 exposants dans la premi\u00e8re \u00e9dition de Go Mobility - Mubil Mobility Expo<\/title>\n<meta name=\"description\" content=\"La feria profesional de la industria de la movilidad sostenible en el sur de Europa.\" \/>\n<meta name=\"robots\" content=\"index, follow, max-snippet:-1, max-image-preview:large, max-video-preview:-1\" \/>\n<link rel=\"canonical\" href=\"https:\/\/www.mubilexpo.eus\/fr\/70-exposants-dans-la-premiere-e70-exposants-dans-la-premiere-edition-de-go-mobility\/\" \/>\n<meta property=\"og:locale\" content=\"fr_FR\" \/>\n<meta property=\"og:type\" content=\"article\" \/>\n<meta property=\"og:title\" content=\"70 exposants dans la premi\u00e8re \u00e970 exposants dans la premi\u00e8re \u00e9dition de Go Mobility - Mubil Mobility Expo\" \/>\n<meta property=\"og:description\" content=\"La feria profesional de la industria de la movilidad sostenible en el sur de Europa.\" \/>\n<meta property=\"og:url\" content=\"https:\/\/www.mubilexpo.eus\/fr\/70-exposants-dans-la-premiere-e70-exposants-dans-la-premiere-edition-de-go-mobility\/\" \/>\n<meta property=\"og:site_name\" content=\"Mubil Mobility Expo\" \/>\n<meta property=\"article:published_time\" content=\"2018-10-22T10:37:00+00:00\" \/>\n<meta property=\"article:modified_time\" content=\"2023-05-22T18:51:34+00:00\" \/>\n<meta property=\"og:image\" content=\"https:\/\/www.mubilexpo.eus\/wp-content\/uploads\/2025\/10\/logo-mubil.jpg\" \/>\n\t<meta property=\"og:image:width\" content=\"1200\" \/>\n\t<meta property=\"og:image:height\" content=\"627\" \/>\n\t<meta property=\"og:image:type\" content=\"image\/jpeg\" \/>\n<meta name=\"author\" content=\"Uxue Aira\" \/>\n<meta name=\"twitter:card\" content=\"summary_large_image\" \/>\n<meta name=\"twitter:creator\" content=\"@mubilexpo\" \/>\n<meta name=\"twitter:site\" content=\"@mubilexpo\" \/>\n<meta name=\"twitter:label1\" content=\"\u00c9crit par\" \/>\n\t<meta name=\"twitter:data1\" content=\"Uxue Aira\" \/>\n\t<meta name=\"twitter:label2\" content=\"Dur\u00e9e de lecture estim\u00e9e\" \/>\n\t<meta name=\"twitter:data2\" content=\"4 minutes\" \/>\n<script type=\"application\/ld+json\" class=\"yoast-schema-graph\">{\"@context\":\"https:\/\/schema.org\",\"@graph\":[{\"@type\":\"Article\",\"@id\":\"https:\/\/www.mubilexpo.eus\/fr\/70-exposants-dans-la-premiere-e70-exposants-dans-la-premiere-edition-de-go-mobility\/#article\",\"isPartOf\":{\"@id\":\"https:\/\/www.mubilexpo.eus\/fr\/70-exposants-dans-la-premiere-e70-exposants-dans-la-premiere-edition-de-go-mobility\/\"},\"author\":{\"name\":\"Uxue Aira\",\"@id\":\"https:\/\/www.mubilexpo.eus\/#\/schema\/person\/0793e78b838a0c883f92a54c2f2ca995\"},\"headline\":\"70 exposants dans la premi\u00e8re \u00e970 exposants dans la premi\u00e8re \u00e9dition de Go Mobility\",\"datePublished\":\"2018-10-22T10:37:00+00:00\",\"dateModified\":\"2023-05-22T18:51:34+00:00\",\"mainEntityOfPage\":{\"@id\":\"https:\/\/www.mubilexpo.eus\/fr\/70-exposants-dans-la-premiere-e70-exposants-dans-la-premiere-edition-de-go-mobility\/\"},\"wordCount\":841,\"publisher\":{\"@id\":\"https:\/\/www.mubilexpo.eus\/#organization\"},\"articleSection\":[\"\u00c9dition 2018\"],\"inLanguage\":\"fr-FR\"},{\"@type\":\"WebPage\",\"@id\":\"https:\/\/www.mubilexpo.eus\/fr\/70-exposants-dans-la-premiere-e70-exposants-dans-la-premiere-edition-de-go-mobility\/\",\"url\":\"https:\/\/www.mubilexpo.eus\/fr\/70-exposants-dans-la-premiere-e70-exposants-dans-la-premiere-edition-de-go-mobility\/\",\"name\":\"70 exposants dans la premi\u00e8re \u00e970 exposants dans la premi\u00e8re \u00e9dition de Go Mobility - Mubil Mobility Expo\",\"isPartOf\":{\"@id\":\"https:\/\/www.mubilexpo.eus\/#website\"},\"datePublished\":\"2018-10-22T10:37:00+00:00\",\"dateModified\":\"2023-05-22T18:51:34+00:00\",\"description\":\"La feria profesional de la industria de la movilidad sostenible en el sur de Europa.\",\"breadcrumb\":{\"@id\":\"https:\/\/www.mubilexpo.eus\/fr\/70-exposants-dans-la-premiere-e70-exposants-dans-la-premiere-edition-de-go-mobility\/#breadcrumb\"},\"inLanguage\":\"fr-FR\",\"potentialAction\":[{\"@type\":\"ReadAction\",\"target\":[\"https:\/\/www.mubilexpo.eus\/fr\/70-exposants-dans-la-premiere-e70-exposants-dans-la-premiere-edition-de-go-mobility\/\"]}]},{\"@type\":\"BreadcrumbList\",\"@id\":\"https:\/\/www.mubilexpo.eus\/fr\/70-exposants-dans-la-premiere-e70-exposants-dans-la-premiere-edition-de-go-mobility\/#breadcrumb\",\"itemListElement\":[{\"@type\":\"ListItem\",\"position\":1,\"name\":\"Portada\",\"item\":\"https:\/\/www.mubilexpo.eus\/fr\/home\/\"},{\"@type\":\"ListItem\",\"position\":2,\"name\":\"70 exposants dans la premi\u00e8re \u00e970 exposants dans la premi\u00e8re \u00e9dition de Go Mobility\"}]},{\"@type\":\"WebSite\",\"@id\":\"https:\/\/www.mubilexpo.eus\/#website\",\"url\":\"https:\/\/www.mubilexpo.eus\/\",\"name\":\"Mubil Mobility Expo\",\"description\":\"5e \u00e9dition du salon professionnel de la mobilit\u00e9 durable, avec des solutions industrielles et num\u00e9riques. 25\u201326 mars 2026 \u00e0 FICOBA (Basque Country).\",\"publisher\":{\"@id\":\"https:\/\/www.mubilexpo.eus\/#organization\"},\"alternateName\":\"La feria profesional de la industria de la movilidad sostenible en el sur de Europa.\",\"potentialAction\":[{\"@type\":\"SearchAction\",\"target\":{\"@type\":\"EntryPoint\",\"urlTemplate\":\"https:\/\/www.mubilexpo.eus\/?s={search_term_string}\"},\"query-input\":{\"@type\":\"PropertyValueSpecification\",\"valueRequired\":true,\"valueName\":\"search_term_string\"}}],\"inLanguage\":\"fr-FR\"},{\"@type\":\"Organization\",\"@id\":\"https:\/\/www.mubilexpo.eus\/#organization\",\"name\":\"Mubil Mobility Expo\",\"alternateName\":\"La feria profesional de la industria de la movilidad sostenible en el sur de Europa.\",\"url\":\"https:\/\/www.mubilexpo.eus\/\",\"logo\":{\"@type\":\"ImageObject\",\"inLanguage\":\"fr-FR\",\"@id\":\"https:\/\/www.mubilexpo.eus\/#\/schema\/logo\/image\/\",\"url\":\"https:\/\/www.mubilexpo.eus\/wp-content\/uploads\/2023\/05\/AZUL_horizontal.png\",\"contentUrl\":\"https:\/\/www.mubilexpo.eus\/wp-content\/uploads\/2023\/05\/AZUL_horizontal.png\",\"width\":3781,\"height\":286,\"caption\":\"Mubil Mobility Expo\"},\"image\":{\"@id\":\"https:\/\/www.mubilexpo.eus\/#\/schema\/logo\/image\/\"},\"sameAs\":[\"https:\/\/x.com\/mubilexpo\",\"https:\/\/www.linkedin.com\/company\/mubilexpo\/\"]},{\"@type\":\"Person\",\"@id\":\"https:\/\/www.mubilexpo.eus\/#\/schema\/person\/0793e78b838a0c883f92a54c2f2ca995\",\"name\":\"Uxue Aira\",\"image\":{\"@type\":\"ImageObject\",\"inLanguage\":\"fr-FR\",\"@id\":\"https:\/\/www.mubilexpo.eus\/#\/schema\/person\/image\/\",\"url\":\"https:\/\/secure.gravatar.com\/avatar\/972263eb2a9b0141d18266190429a838793c2d49f3e4d2873ade05c73eb3c91c?s=96&d=mm&r=g\",\"contentUrl\":\"https:\/\/secure.gravatar.com\/avatar\/972263eb2a9b0141d18266190429a838793c2d49f3e4d2873ade05c73eb3c91c?s=96&d=mm&r=g\",\"caption\":\"Uxue Aira\"},\"url\":\"https:\/\/www.mubilexpo.eus\/fr\/author\/uxue\/\"}]}<\/script>\n<!-- \/ Yoast SEO plugin. -->","yoast_head_json":{"title":"70 exposants dans la premi\u00e8re \u00e970 exposants dans la premi\u00e8re \u00e9dition de Go Mobility - Mubil Mobility Expo","description":"La feria profesional de la industria de la movilidad sostenible en el sur de Europa.","robots":{"index":"index","follow":"follow","max-snippet":"max-snippet:-1","max-image-preview":"max-image-preview:large","max-video-preview":"max-video-preview:-1"},"canonical":"https:\/\/www.mubilexpo.eus\/fr\/70-exposants-dans-la-premiere-e70-exposants-dans-la-premiere-edition-de-go-mobility\/","og_locale":"fr_FR","og_type":"article","og_title":"70 exposants dans la premi\u00e8re \u00e970 exposants dans la premi\u00e8re \u00e9dition de Go Mobility - Mubil Mobility Expo","og_description":"La feria profesional de la industria de la movilidad sostenible en el sur de Europa.","og_url":"https:\/\/www.mubilexpo.eus\/fr\/70-exposants-dans-la-premiere-e70-exposants-dans-la-premiere-edition-de-go-mobility\/","og_site_name":"Mubil Mobility Expo","article_published_time":"2018-10-22T10:37:00+00:00","article_modified_time":"2023-05-22T18:51:34+00:00","og_image":[{"width":1200,"height":627,"url":"https:\/\/www.mubilexpo.eus\/wp-content\/uploads\/2025\/10\/logo-mubil.jpg","type":"image\/jpeg"}],"author":"Uxue Aira","twitter_card":"summary_large_image","twitter_creator":"@mubilexpo","twitter_site":"@mubilexpo","twitter_misc":{"\u00c9crit par":"Uxue Aira","Dur\u00e9e de lecture estim\u00e9e":"4 minutes"},"schema":{"@context":"https:\/\/schema.org","@graph":[{"@type":"Article","@id":"https:\/\/www.mubilexpo.eus\/fr\/70-exposants-dans-la-premiere-e70-exposants-dans-la-premiere-edition-de-go-mobility\/#article","isPartOf":{"@id":"https:\/\/www.mubilexpo.eus\/fr\/70-exposants-dans-la-premiere-e70-exposants-dans-la-premiere-edition-de-go-mobility\/"},"author":{"name":"Uxue Aira","@id":"https:\/\/www.mubilexpo.eus\/#\/schema\/person\/0793e78b838a0c883f92a54c2f2ca995"},"headline":"70 exposants dans la premi\u00e8re \u00e970 exposants dans la premi\u00e8re \u00e9dition de Go Mobility","datePublished":"2018-10-22T10:37:00+00:00","dateModified":"2023-05-22T18:51:34+00:00","mainEntityOfPage":{"@id":"https:\/\/www.mubilexpo.eus\/fr\/70-exposants-dans-la-premiere-e70-exposants-dans-la-premiere-edition-de-go-mobility\/"},"wordCount":841,"publisher":{"@id":"https:\/\/www.mubilexpo.eus\/#organization"},"articleSection":["\u00c9dition 2018"],"inLanguage":"fr-FR"},{"@type":"WebPage","@id":"https:\/\/www.mubilexpo.eus\/fr\/70-exposants-dans-la-premiere-e70-exposants-dans-la-premiere-edition-de-go-mobility\/","url":"https:\/\/www.mubilexpo.eus\/fr\/70-exposants-dans-la-premiere-e70-exposants-dans-la-premiere-edition-de-go-mobility\/","name":"70 exposants dans la premi\u00e8re \u00e970 exposants dans la premi\u00e8re \u00e9dition de Go Mobility - Mubil Mobility Expo","isPartOf":{"@id":"https:\/\/www.mubilexpo.eus\/#website"},"datePublished":"2018-10-22T10:37:00+00:00","dateModified":"2023-05-22T18:51:34+00:00","description":"La feria profesional de la industria de la movilidad sostenible en el sur de Europa.","breadcrumb":{"@id":"https:\/\/www.mubilexpo.eus\/fr\/70-exposants-dans-la-premiere-e70-exposants-dans-la-premiere-edition-de-go-mobility\/#breadcrumb"},"inLanguage":"fr-FR","potentialAction":[{"@type":"ReadAction","target":["https:\/\/www.mubilexpo.eus\/fr\/70-exposants-dans-la-premiere-e70-exposants-dans-la-premiere-edition-de-go-mobility\/"]}]},{"@type":"BreadcrumbList","@id":"https:\/\/www.mubilexpo.eus\/fr\/70-exposants-dans-la-premiere-e70-exposants-dans-la-premiere-edition-de-go-mobility\/#breadcrumb","itemListElement":[{"@type":"ListItem","position":1,"name":"Portada","item":"https:\/\/www.mubilexpo.eus\/fr\/home\/"},{"@type":"ListItem","position":2,"name":"70 exposants dans la premi\u00e8re \u00e970 exposants dans la premi\u00e8re \u00e9dition de Go Mobility"}]},{"@type":"WebSite","@id":"https:\/\/www.mubilexpo.eus\/#website","url":"https:\/\/www.mubilexpo.eus\/","name":"Mubil Mobility Expo","description":"5e \u00e9dition du salon professionnel de la mobilit\u00e9 durable, avec des solutions industrielles et num\u00e9riques. 25\u201326 mars 2026 \u00e0 FICOBA (Basque Country).","publisher":{"@id":"https:\/\/www.mubilexpo.eus\/#organization"},"alternateName":"La feria profesional de la industria de la movilidad sostenible en el sur de Europa.","potentialAction":[{"@type":"SearchAction","target":{"@type":"EntryPoint","urlTemplate":"https:\/\/www.mubilexpo.eus\/?s={search_term_string}"},"query-input":{"@type":"PropertyValueSpecification","valueRequired":true,"valueName":"search_term_string"}}],"inLanguage":"fr-FR"},{"@type":"Organization","@id":"https:\/\/www.mubilexpo.eus\/#organization","name":"Mubil Mobility Expo","alternateName":"La feria profesional de la industria de la movilidad sostenible en el sur de Europa.","url":"https:\/\/www.mubilexpo.eus\/","logo":{"@type":"ImageObject","inLanguage":"fr-FR","@id":"https:\/\/www.mubilexpo.eus\/#\/schema\/logo\/image\/","url":"https:\/\/www.mubilexpo.eus\/wp-content\/uploads\/2023\/05\/AZUL_horizontal.png","contentUrl":"https:\/\/www.mubilexpo.eus\/wp-content\/uploads\/2023\/05\/AZUL_horizontal.png","width":3781,"height":286,"caption":"Mubil Mobility Expo"},"image":{"@id":"https:\/\/www.mubilexpo.eus\/#\/schema\/logo\/image\/"},"sameAs":["https:\/\/x.com\/mubilexpo","https:\/\/www.linkedin.com\/company\/mubilexpo\/"]},{"@type":"Person","@id":"https:\/\/www.mubilexpo.eus\/#\/schema\/person\/0793e78b838a0c883f92a54c2f2ca995","name":"Uxue Aira","image":{"@type":"ImageObject","inLanguage":"fr-FR","@id":"https:\/\/www.mubilexpo.eus\/#\/schema\/person\/image\/","url":"https:\/\/secure.gravatar.com\/avatar\/972263eb2a9b0141d18266190429a838793c2d49f3e4d2873ade05c73eb3c91c?s=96&d=mm&r=g","contentUrl":"https:\/\/secure.gravatar.com\/avatar\/972263eb2a9b0141d18266190429a838793c2d49f3e4d2873ade05c73eb3c91c?s=96&d=mm&r=g","caption":"Uxue Aira"},"url":"https:\/\/www.mubilexpo.eus\/fr\/author\/uxue\/"}]}},"_links":{"self":[{"href":"https:\/\/www.mubilexpo.eus\/fr\/wp-json\/wp\/v2\/posts\/3696","targetHints":{"allow":["GET"]}}],"collection":[{"href":"https:\/\/www.mubilexpo.eus\/fr\/wp-json\/wp\/v2\/posts"}],"about":[{"href":"https:\/\/www.mubilexpo.eus\/fr\/wp-json\/wp\/v2\/types\/post"}],"author":[{"embeddable":true,"href":"https:\/\/www.mubilexpo.eus\/fr\/wp-json\/wp\/v2\/users\/2"}],"replies":[{"embeddable":true,"href":"https:\/\/www.mubilexpo.eus\/fr\/wp-json\/wp\/v2\/comments?post=3696"}],"version-history":[{"count":1,"href":"https:\/\/www.mubilexpo.eus\/fr\/wp-json\/wp\/v2\/posts\/3696\/revisions"}],"predecessor-version":[{"id":3697,"href":"https:\/\/www.mubilexpo.eus\/fr\/wp-json\/wp\/v2\/posts\/3696\/revisions\/3697"}],"wp:attachment":[{"href":"https:\/\/www.mubilexpo.eus\/fr\/wp-json\/wp\/v2\/media?parent=3696"}],"wp:term":[{"taxonomy":"category","embeddable":true,"href":"https:\/\/www.mubilexpo.eus\/fr\/wp-json\/wp\/v2\/categories?post=3696"},{"taxonomy":"post_tag","embeddable":true,"href":"https:\/\/www.mubilexpo.eus\/fr\/wp-json\/wp\/v2\/tags?post=3696"}],"curies":[{"name":"wp","href":"https:\/\/api.w.org\/{rel}","templated":true}]}}