{"id":3720,"date":"2020-02-13T09:04:00","date_gmt":"2020-02-13T09:04:00","guid":{"rendered":"https:\/\/www.mubilexpo.eus\/le-programme-de-conferences-de-go-mobility-souvre-a-leurope\/"},"modified":"2023-05-22T18:51:33","modified_gmt":"2023-05-22T18:51:33","slug":"le-programme-de-conferences-de-go-mobility-souvre-a-leurope","status":"publish","type":"post","link":"https:\/\/www.mubilexpo.eus\/fr\/le-programme-de-conferences-de-go-mobility-souvre-a-leurope\/","title":{"rendered":"Le programme de conf\u00e9rences de Go Mobility s\u2019ouvre \u00e0 l\u2019Europe"},"content":{"rendered":"\n<ul class=\"wp-block-list\">\n<li><strong>Le salon de la mobilit\u00e9 du futur aura lieu \u00e0 Ficoba, \u00e0 Irun, les 11 et 12 mars<\/strong><\/li>\n<\/ul>\n\n<p>Go Mobility est bien plus qu\u2019un espace d\u2019exposition. C\u2019est aussi un point de rencontre qui rassemblera les 11 et 12 mars une bonne partie des connaissances europ\u00e9ennes en mati\u00e8re de nouvelle mobilit\u00e9. <\/p>\n\n<p>L\u2019Union europ\u00e9enne, qui sera repr\u00e9sent\u00e9e par <strong>Saki Gerassis<\/strong>, <strong>Policy and Data Officer de DG MOVE<\/strong>, le plus grand organisme de r\u00e9gulation \u00e0 l\u2019\u00e9chelle europ\u00e9enne de la mobilit\u00e9 et du transport, s\u2019est jointe au programme qui a \u00e9t\u00e9 con\u00e7u pour cette deuxi\u00e8me \u00e9dition de Go Mobility. Saki Gerassis est la personne responsable de d\u00e9finir le futur \u00e9cosyst\u00e8me d\u2019interop\u00e9rabilit\u00e9 qui promouvra l\u2019adoption de la voiture \u00e9lectrique en Europe ; il abordera \u00e0 Go Mobility les politiques de la Commission sur le transport durable et intelligent. <\/p>\n\n<p><strong>Philippe Vangeel, secr\u00e9taire g\u00e9n\u00e9ral d\u2019AVERE<\/strong>, l\u2019association europ\u00e9enne de promotion de l\u2019\u00e9lectromobilit\u00e9, compos\u00e9e d\u2019un millier de membres de 17 pays europ\u00e9ens, apportera la vision la plus commerciale du d\u00e9veloppement de l\u2019\u00e9lectromobilit\u00e9 en Europe. Vangeel partagera sa vision sur la responsabilit\u00e9 partag\u00e9e pour atteindre un transport z\u00e9ro \u00e9mission. Selon lui, l\u2019\u00e9lectrification massive de la mobilit\u00e9 est la fa\u00e7on la plus rapide d\u2019atteindre cet objectif.  <\/p>\n\n<p><strong>Gabriel Plassat<\/strong> est une sommit\u00e9 en France en mati\u00e8re de mobilit\u00e9. Il est le cr\u00e9ateur de <strong>FabMob<\/strong> (la Fabrique des Mobilit\u00e9s) qui travaille autour de l\u2019open source et de la mobilit\u00e9 pour cr\u00e9er une nouvelle culture commune. \u00c9crivain, conf\u00e9rencier et professeur, il s\u2019attache \u00e0 inspirer les grandes transitions dans le domaine de la mobilit\u00e9. Son intervention \u00e0 Go Mobility portera sur la mobilit\u00e9 durable du futur dans les petites et moyennes villes.   <\/p>\n\n<p>L\u2019Union europ\u00e9enne (UE) consid\u00e8re le secteur du stockage d\u2019\u00e9nergie comme un secteur strat\u00e9gique et l\u2019un des moteurs qui facilitera l\u2019ex\u00e9cution des objectifs en mati\u00e8re d\u2019\u00e9nergie et d\u2019environnement \u00e0 moyen et long terme, ainsi que le d\u00e9veloppement d\u2019une industrie comp\u00e9titive dans un secteur \u00e9mergent \u00e0 fort potentiel de croissance.<\/p>\n\n<p>C\u2019est pourquoi une <strong>table ronde<\/strong> intitul\u00e9e <strong>\u00ab Le stockage d\u2019\u00e9nergie et les batteries, des opportunit\u00e9s pour l\u2019Europe dans le domaine de la mobilit\u00e9 \u00e9lectrique \u00bb<\/strong>, anim\u00e9e par Nuria Gisbert, directrice de CIC Energigune, sera organis\u00e9e \u00e0 Go Mobility.<\/p>\n\n<p>En plus du programme de conf\u00e9rences qui se tiendra durant le salon, d\u2019autres espaces d\u00e9di\u00e9s au partage des connaissances autour de la nouvelle mobilit\u00e9 ont \u00e9galement \u00e9t\u00e9 am\u00e9nag\u00e9s. Dans l\u2019espace <strong>\u00ab Exhibition Corner \u00bb<\/strong>, les exposants auront l\u2019occasion de pr\u00e9senter leurs produits et leurs services. <\/p>\n\n<p>Dans le <strong>\u00ab City market Place \u00bb<\/strong>, plusieurs villes pr\u00e9senteront leurs strat\u00e9gies de mobilit\u00e9. Go Mobility a \u00e9galement r\u00e9serv\u00e9 un espace d\u2019exposition pour pr\u00e9senter en format <strong>poster des projets europ\u00e9ens de mobilit\u00e9 durable<\/strong>. <\/p>\n\n<p>L\u2019offre th\u00e9matique de Go Mobility est tr\u00e8s vaste en vue d\u2019aborder les diff\u00e9rentes r\u00e9alit\u00e9s qui interagissent dans la promotion et la consolidation de la nouvelle mobilit\u00e9. Le programme complet est disponible sur le site https:\/\/gomobility.eus <\/p>\n\n<h2 class=\"wp-block-heading\">\u00c0 propos de Go Mobility<\/h2>\n\n<p>Go Mobility a pour objectif de s\u2019affirmer comme le rendez-vous de r\u00e9f\u00e9rence au sud de l\u2019Europe pour tous les acteurs de la cha\u00eene de valeur de la nouvelle mobilit\u00e9, une mobilit\u00e9 durable, connect\u00e9e, s\u00fbre et accessible, dans ses aspects industriel et num\u00e9rique. Il vise \u00e9galement \u00e0 devenir un point de rencontre pour favoriser les \u00e9changes \u00e0 forte valeur ajout\u00e9e, encourager les projets innovants et promouvoir la transformation industrielle du territoire. <\/p>\n\n<p>Go Mobility est promu par le Conseil R\u00e9gional de Guipuzcoa et le Gouvernement basque, et s\u2019inscrit dans le cadre de la Strat\u00e9gie de Mobilit\u00e9 \u00e9lectrique et de stockage d\u2019\u00e9nergie port\u00e9e par les deux institutions.<\/p>\n","protected":false},"excerpt":{"rendered":"<p>Go Mobility est bien plus qu\u2019un espace d\u2019exposition. C\u2019est aussi un point de rencontre qui rassemblera les 11 et 12 mars une bonne partie des connaissances europ\u00e9ennes en mati\u00e8re de nouvelle mobilit\u00e9. L\u2019Union europ\u00e9enne, qui sera repr\u00e9sent\u00e9e par Saki Gerassis, Policy and Data Officer de DG MOVE, le plus grand organisme de r\u00e9gulation \u00e0 l\u2019\u00e9chelle [&hellip;]<\/p>\n","protected":false},"author":4,"featured_media":3714,"comment_status":"closed","ping_status":"open","sticky":false,"template":"","format":"standard","meta":{"footnotes":""},"categories":[43],"tags":[],"class_list":["post-3720","post","type-post","status-publish","format-standard","has-post-thumbnail","hentry","category-edition-2020-fr"],"yoast_head":"<!-- This site is optimized with the Yoast SEO plugin v27.1.1 - https:\/\/yoast.com\/product\/yoast-seo-wordpress\/ -->\n<title>Le programme de conf\u00e9rences de Go Mobility s\u2019ouvre \u00e0 l\u2019Europe - Mubil Mobility Expo<\/title>\n<meta name=\"description\" content=\"La feria profesional de la industria de la movilidad sostenible en el sur de Europa.\" \/>\n<meta name=\"robots\" content=\"index, follow, max-snippet:-1, max-image-preview:large, max-video-preview:-1\" \/>\n<link rel=\"canonical\" href=\"https:\/\/www.mubilexpo.eus\/fr\/le-programme-de-conferences-de-go-mobility-souvre-a-leurope\/\" \/>\n<meta property=\"og:locale\" content=\"fr_FR\" \/>\n<meta property=\"og:type\" content=\"article\" \/>\n<meta property=\"og:title\" content=\"Le programme de conf\u00e9rences de Go Mobility s\u2019ouvre \u00e0 l\u2019Europe - Mubil Mobility Expo\" \/>\n<meta property=\"og:description\" content=\"La feria profesional de la industria de la movilidad sostenible en el sur de Europa.\" \/>\n<meta property=\"og:url\" content=\"https:\/\/www.mubilexpo.eus\/fr\/le-programme-de-conferences-de-go-mobility-souvre-a-leurope\/\" \/>\n<meta property=\"og:site_name\" content=\"Mubil Mobility Expo\" \/>\n<meta property=\"article:published_time\" content=\"2020-02-13T09:04:00+00:00\" \/>\n<meta property=\"article:modified_time\" content=\"2023-05-22T18:51:33+00:00\" \/>\n<meta property=\"og:image\" content=\"https:\/\/www.mubilexpo.eus\/wp-content\/uploads\/2023\/05\/1811-Ficoba-GoMobility_273b.jpg\" \/>\n\t<meta property=\"og:image:width\" content=\"1200\" \/>\n\t<meta property=\"og:image:height\" content=\"800\" \/>\n\t<meta property=\"og:image:type\" content=\"image\/jpeg\" \/>\n<meta name=\"author\" content=\"adimedia\" \/>\n<meta name=\"twitter:card\" content=\"summary_large_image\" \/>\n<meta name=\"twitter:creator\" content=\"@mubilexpo\" \/>\n<meta name=\"twitter:site\" content=\"@mubilexpo\" \/>\n<meta name=\"twitter:label1\" content=\"\u00c9crit par\" \/>\n\t<meta name=\"twitter:data1\" content=\"adimedia\" \/>\n\t<meta name=\"twitter:label2\" content=\"Dur\u00e9e de lecture estim\u00e9e\" \/>\n\t<meta name=\"twitter:data2\" content=\"3 minutes\" \/>\n<script type=\"application\/ld+json\" class=\"yoast-schema-graph\">{\"@context\":\"https:\/\/schema.org\",\"@graph\":[{\"@type\":\"Article\",\"@id\":\"https:\/\/www.mubilexpo.eus\/fr\/le-programme-de-conferences-de-go-mobility-souvre-a-leurope\/#article\",\"isPartOf\":{\"@id\":\"https:\/\/www.mubilexpo.eus\/fr\/le-programme-de-conferences-de-go-mobility-souvre-a-leurope\/\"},\"author\":{\"name\":\"adimedia\",\"@id\":\"https:\/\/www.mubilexpo.eus\/#\/schema\/person\/05691b61473436c937c168886b59c43f\"},\"headline\":\"Le programme de conf\u00e9rences de Go Mobility s\u2019ouvre \u00e0 l\u2019Europe\",\"datePublished\":\"2020-02-13T09:04:00+00:00\",\"dateModified\":\"2023-05-22T18:51:33+00:00\",\"mainEntityOfPage\":{\"@id\":\"https:\/\/www.mubilexpo.eus\/fr\/le-programme-de-conferences-de-go-mobility-souvre-a-leurope\/\"},\"wordCount\":666,\"publisher\":{\"@id\":\"https:\/\/www.mubilexpo.eus\/#organization\"},\"image\":{\"@id\":\"https:\/\/www.mubilexpo.eus\/fr\/le-programme-de-conferences-de-go-mobility-souvre-a-leurope\/#primaryimage\"},\"thumbnailUrl\":\"https:\/\/www.mubilexpo.eus\/wp-content\/uploads\/2023\/05\/1811-Ficoba-GoMobility_273b.jpg\",\"articleSection\":[\"\u00c9dition 2020\"],\"inLanguage\":\"fr-FR\"},{\"@type\":\"WebPage\",\"@id\":\"https:\/\/www.mubilexpo.eus\/fr\/le-programme-de-conferences-de-go-mobility-souvre-a-leurope\/\",\"url\":\"https:\/\/www.mubilexpo.eus\/fr\/le-programme-de-conferences-de-go-mobility-souvre-a-leurope\/\",\"name\":\"Le programme de conf\u00e9rences de Go Mobility s\u2019ouvre \u00e0 l\u2019Europe - Mubil Mobility Expo\",\"isPartOf\":{\"@id\":\"https:\/\/www.mubilexpo.eus\/#website\"},\"primaryImageOfPage\":{\"@id\":\"https:\/\/www.mubilexpo.eus\/fr\/le-programme-de-conferences-de-go-mobility-souvre-a-leurope\/#primaryimage\"},\"image\":{\"@id\":\"https:\/\/www.mubilexpo.eus\/fr\/le-programme-de-conferences-de-go-mobility-souvre-a-leurope\/#primaryimage\"},\"thumbnailUrl\":\"https:\/\/www.mubilexpo.eus\/wp-content\/uploads\/2023\/05\/1811-Ficoba-GoMobility_273b.jpg\",\"datePublished\":\"2020-02-13T09:04:00+00:00\",\"dateModified\":\"2023-05-22T18:51:33+00:00\",\"description\":\"La feria profesional de la industria de la movilidad sostenible en el sur de Europa.\",\"breadcrumb\":{\"@id\":\"https:\/\/www.mubilexpo.eus\/fr\/le-programme-de-conferences-de-go-mobility-souvre-a-leurope\/#breadcrumb\"},\"inLanguage\":\"fr-FR\",\"potentialAction\":[{\"@type\":\"ReadAction\",\"target\":[\"https:\/\/www.mubilexpo.eus\/fr\/le-programme-de-conferences-de-go-mobility-souvre-a-leurope\/\"]}]},{\"@type\":\"ImageObject\",\"inLanguage\":\"fr-FR\",\"@id\":\"https:\/\/www.mubilexpo.eus\/fr\/le-programme-de-conferences-de-go-mobility-souvre-a-leurope\/#primaryimage\",\"url\":\"https:\/\/www.mubilexpo.eus\/wp-content\/uploads\/2023\/05\/1811-Ficoba-GoMobility_273b.jpg\",\"contentUrl\":\"https:\/\/www.mubilexpo.eus\/wp-content\/uploads\/2023\/05\/1811-Ficoba-GoMobility_273b.jpg\",\"width\":1200,\"height\":800,\"caption\":\"Feria Go Mobility Exhibition, Basque Sustainable Mobility and energy storage industry\u00b4s, Ficoba, Irun, Gipuzkoa, Basque Country, Spain\"},{\"@type\":\"BreadcrumbList\",\"@id\":\"https:\/\/www.mubilexpo.eus\/fr\/le-programme-de-conferences-de-go-mobility-souvre-a-leurope\/#breadcrumb\",\"itemListElement\":[{\"@type\":\"ListItem\",\"position\":1,\"name\":\"Portada\",\"item\":\"https:\/\/www.mubilexpo.eus\/fr\/home\/\"},{\"@type\":\"ListItem\",\"position\":2,\"name\":\"Le programme de conf\u00e9rences de Go Mobility s\u2019ouvre \u00e0 l\u2019Europe\"}]},{\"@type\":\"WebSite\",\"@id\":\"https:\/\/www.mubilexpo.eus\/#website\",\"url\":\"https:\/\/www.mubilexpo.eus\/\",\"name\":\"Mubil Mobility Expo\",\"description\":\"5e \u00e9dition du salon professionnel de la mobilit\u00e9 durable, avec des solutions industrielles et num\u00e9riques. 25\u201326 mars 2026 \u00e0 FICOBA (Basque Country).\",\"publisher\":{\"@id\":\"https:\/\/www.mubilexpo.eus\/#organization\"},\"alternateName\":\"La feria profesional de la industria de la movilidad sostenible en el sur de Europa.\",\"potentialAction\":[{\"@type\":\"SearchAction\",\"target\":{\"@type\":\"EntryPoint\",\"urlTemplate\":\"https:\/\/www.mubilexpo.eus\/?s={search_term_string}\"},\"query-input\":{\"@type\":\"PropertyValueSpecification\",\"valueRequired\":true,\"valueName\":\"search_term_string\"}}],\"inLanguage\":\"fr-FR\"},{\"@type\":\"Organization\",\"@id\":\"https:\/\/www.mubilexpo.eus\/#organization\",\"name\":\"Mubil Mobility Expo\",\"alternateName\":\"La feria profesional de la industria de la movilidad sostenible en el sur de Europa.\",\"url\":\"https:\/\/www.mubilexpo.eus\/\",\"logo\":{\"@type\":\"ImageObject\",\"inLanguage\":\"fr-FR\",\"@id\":\"https:\/\/www.mubilexpo.eus\/#\/schema\/logo\/image\/\",\"url\":\"https:\/\/www.mubilexpo.eus\/wp-content\/uploads\/2023\/05\/AZUL_horizontal.png\",\"contentUrl\":\"https:\/\/www.mubilexpo.eus\/wp-content\/uploads\/2023\/05\/AZUL_horizontal.png\",\"width\":3781,\"height\":286,\"caption\":\"Mubil Mobility Expo\"},\"image\":{\"@id\":\"https:\/\/www.mubilexpo.eus\/#\/schema\/logo\/image\/\"},\"sameAs\":[\"https:\/\/x.com\/mubilexpo\",\"https:\/\/www.linkedin.com\/company\/mubilexpo\/\"]},{\"@type\":\"Person\",\"@id\":\"https:\/\/www.mubilexpo.eus\/#\/schema\/person\/05691b61473436c937c168886b59c43f\",\"name\":\"adimedia\",\"image\":{\"@type\":\"ImageObject\",\"inLanguage\":\"fr-FR\",\"@id\":\"https:\/\/www.mubilexpo.eus\/#\/schema\/person\/image\/\",\"url\":\"https:\/\/secure.gravatar.com\/avatar\/b6d2a8d68d5ea69a1d7f25603ec8eee566feaff47743e3186742cd6e0a101067?s=96&d=mm&r=g\",\"contentUrl\":\"https:\/\/secure.gravatar.com\/avatar\/b6d2a8d68d5ea69a1d7f25603ec8eee566feaff47743e3186742cd6e0a101067?s=96&d=mm&r=g\",\"caption\":\"adimedia\"},\"url\":\"https:\/\/www.mubilexpo.eus\/fr\/author\/adimedia\/\"}]}<\/script>\n<!-- \/ Yoast SEO plugin. -->","yoast_head_json":{"title":"Le programme de conf\u00e9rences de Go Mobility s\u2019ouvre \u00e0 l\u2019Europe - Mubil Mobility Expo","description":"La feria profesional de la industria de la movilidad sostenible en el sur de Europa.","robots":{"index":"index","follow":"follow","max-snippet":"max-snippet:-1","max-image-preview":"max-image-preview:large","max-video-preview":"max-video-preview:-1"},"canonical":"https:\/\/www.mubilexpo.eus\/fr\/le-programme-de-conferences-de-go-mobility-souvre-a-leurope\/","og_locale":"fr_FR","og_type":"article","og_title":"Le programme de conf\u00e9rences de Go Mobility s\u2019ouvre \u00e0 l\u2019Europe - Mubil Mobility Expo","og_description":"La feria profesional de la industria de la movilidad sostenible en el sur de Europa.","og_url":"https:\/\/www.mubilexpo.eus\/fr\/le-programme-de-conferences-de-go-mobility-souvre-a-leurope\/","og_site_name":"Mubil Mobility Expo","article_published_time":"2020-02-13T09:04:00+00:00","article_modified_time":"2023-05-22T18:51:33+00:00","og_image":[{"width":1200,"height":800,"url":"https:\/\/www.mubilexpo.eus\/wp-content\/uploads\/2023\/05\/1811-Ficoba-GoMobility_273b.jpg","type":"image\/jpeg"}],"author":"adimedia","twitter_card":"summary_large_image","twitter_creator":"@mubilexpo","twitter_site":"@mubilexpo","twitter_misc":{"\u00c9crit par":"adimedia","Dur\u00e9e de lecture estim\u00e9e":"3 minutes"},"schema":{"@context":"https:\/\/schema.org","@graph":[{"@type":"Article","@id":"https:\/\/www.mubilexpo.eus\/fr\/le-programme-de-conferences-de-go-mobility-souvre-a-leurope\/#article","isPartOf":{"@id":"https:\/\/www.mubilexpo.eus\/fr\/le-programme-de-conferences-de-go-mobility-souvre-a-leurope\/"},"author":{"name":"adimedia","@id":"https:\/\/www.mubilexpo.eus\/#\/schema\/person\/05691b61473436c937c168886b59c43f"},"headline":"Le programme de conf\u00e9rences de Go Mobility s\u2019ouvre \u00e0 l\u2019Europe","datePublished":"2020-02-13T09:04:00+00:00","dateModified":"2023-05-22T18:51:33+00:00","mainEntityOfPage":{"@id":"https:\/\/www.mubilexpo.eus\/fr\/le-programme-de-conferences-de-go-mobility-souvre-a-leurope\/"},"wordCount":666,"publisher":{"@id":"https:\/\/www.mubilexpo.eus\/#organization"},"image":{"@id":"https:\/\/www.mubilexpo.eus\/fr\/le-programme-de-conferences-de-go-mobility-souvre-a-leurope\/#primaryimage"},"thumbnailUrl":"https:\/\/www.mubilexpo.eus\/wp-content\/uploads\/2023\/05\/1811-Ficoba-GoMobility_273b.jpg","articleSection":["\u00c9dition 2020"],"inLanguage":"fr-FR"},{"@type":"WebPage","@id":"https:\/\/www.mubilexpo.eus\/fr\/le-programme-de-conferences-de-go-mobility-souvre-a-leurope\/","url":"https:\/\/www.mubilexpo.eus\/fr\/le-programme-de-conferences-de-go-mobility-souvre-a-leurope\/","name":"Le programme de conf\u00e9rences de Go Mobility s\u2019ouvre \u00e0 l\u2019Europe - Mubil Mobility Expo","isPartOf":{"@id":"https:\/\/www.mubilexpo.eus\/#website"},"primaryImageOfPage":{"@id":"https:\/\/www.mubilexpo.eus\/fr\/le-programme-de-conferences-de-go-mobility-souvre-a-leurope\/#primaryimage"},"image":{"@id":"https:\/\/www.mubilexpo.eus\/fr\/le-programme-de-conferences-de-go-mobility-souvre-a-leurope\/#primaryimage"},"thumbnailUrl":"https:\/\/www.mubilexpo.eus\/wp-content\/uploads\/2023\/05\/1811-Ficoba-GoMobility_273b.jpg","datePublished":"2020-02-13T09:04:00+00:00","dateModified":"2023-05-22T18:51:33+00:00","description":"La feria profesional de la industria de la movilidad sostenible en el sur de Europa.","breadcrumb":{"@id":"https:\/\/www.mubilexpo.eus\/fr\/le-programme-de-conferences-de-go-mobility-souvre-a-leurope\/#breadcrumb"},"inLanguage":"fr-FR","potentialAction":[{"@type":"ReadAction","target":["https:\/\/www.mubilexpo.eus\/fr\/le-programme-de-conferences-de-go-mobility-souvre-a-leurope\/"]}]},{"@type":"ImageObject","inLanguage":"fr-FR","@id":"https:\/\/www.mubilexpo.eus\/fr\/le-programme-de-conferences-de-go-mobility-souvre-a-leurope\/#primaryimage","url":"https:\/\/www.mubilexpo.eus\/wp-content\/uploads\/2023\/05\/1811-Ficoba-GoMobility_273b.jpg","contentUrl":"https:\/\/www.mubilexpo.eus\/wp-content\/uploads\/2023\/05\/1811-Ficoba-GoMobility_273b.jpg","width":1200,"height":800,"caption":"Feria Go Mobility Exhibition, Basque Sustainable Mobility and energy storage industry\u00b4s, Ficoba, Irun, Gipuzkoa, Basque Country, Spain"},{"@type":"BreadcrumbList","@id":"https:\/\/www.mubilexpo.eus\/fr\/le-programme-de-conferences-de-go-mobility-souvre-a-leurope\/#breadcrumb","itemListElement":[{"@type":"ListItem","position":1,"name":"Portada","item":"https:\/\/www.mubilexpo.eus\/fr\/home\/"},{"@type":"ListItem","position":2,"name":"Le programme de conf\u00e9rences de Go Mobility s\u2019ouvre \u00e0 l\u2019Europe"}]},{"@type":"WebSite","@id":"https:\/\/www.mubilexpo.eus\/#website","url":"https:\/\/www.mubilexpo.eus\/","name":"Mubil Mobility Expo","description":"5e \u00e9dition du salon professionnel de la mobilit\u00e9 durable, avec des solutions industrielles et num\u00e9riques. 25\u201326 mars 2026 \u00e0 FICOBA (Basque Country).","publisher":{"@id":"https:\/\/www.mubilexpo.eus\/#organization"},"alternateName":"La feria profesional de la industria de la movilidad sostenible en el sur de Europa.","potentialAction":[{"@type":"SearchAction","target":{"@type":"EntryPoint","urlTemplate":"https:\/\/www.mubilexpo.eus\/?s={search_term_string}"},"query-input":{"@type":"PropertyValueSpecification","valueRequired":true,"valueName":"search_term_string"}}],"inLanguage":"fr-FR"},{"@type":"Organization","@id":"https:\/\/www.mubilexpo.eus\/#organization","name":"Mubil Mobility Expo","alternateName":"La feria profesional de la industria de la movilidad sostenible en el sur de Europa.","url":"https:\/\/www.mubilexpo.eus\/","logo":{"@type":"ImageObject","inLanguage":"fr-FR","@id":"https:\/\/www.mubilexpo.eus\/#\/schema\/logo\/image\/","url":"https:\/\/www.mubilexpo.eus\/wp-content\/uploads\/2023\/05\/AZUL_horizontal.png","contentUrl":"https:\/\/www.mubilexpo.eus\/wp-content\/uploads\/2023\/05\/AZUL_horizontal.png","width":3781,"height":286,"caption":"Mubil Mobility Expo"},"image":{"@id":"https:\/\/www.mubilexpo.eus\/#\/schema\/logo\/image\/"},"sameAs":["https:\/\/x.com\/mubilexpo","https:\/\/www.linkedin.com\/company\/mubilexpo\/"]},{"@type":"Person","@id":"https:\/\/www.mubilexpo.eus\/#\/schema\/person\/05691b61473436c937c168886b59c43f","name":"adimedia","image":{"@type":"ImageObject","inLanguage":"fr-FR","@id":"https:\/\/www.mubilexpo.eus\/#\/schema\/person\/image\/","url":"https:\/\/secure.gravatar.com\/avatar\/b6d2a8d68d5ea69a1d7f25603ec8eee566feaff47743e3186742cd6e0a101067?s=96&d=mm&r=g","contentUrl":"https:\/\/secure.gravatar.com\/avatar\/b6d2a8d68d5ea69a1d7f25603ec8eee566feaff47743e3186742cd6e0a101067?s=96&d=mm&r=g","caption":"adimedia"},"url":"https:\/\/www.mubilexpo.eus\/fr\/author\/adimedia\/"}]}},"_links":{"self":[{"href":"https:\/\/www.mubilexpo.eus\/fr\/wp-json\/wp\/v2\/posts\/3720","targetHints":{"allow":["GET"]}}],"collection":[{"href":"https:\/\/www.mubilexpo.eus\/fr\/wp-json\/wp\/v2\/posts"}],"about":[{"href":"https:\/\/www.mubilexpo.eus\/fr\/wp-json\/wp\/v2\/types\/post"}],"author":[{"embeddable":true,"href":"https:\/\/www.mubilexpo.eus\/fr\/wp-json\/wp\/v2\/users\/4"}],"replies":[{"embeddable":true,"href":"https:\/\/www.mubilexpo.eus\/fr\/wp-json\/wp\/v2\/comments?post=3720"}],"version-history":[{"count":1,"href":"https:\/\/www.mubilexpo.eus\/fr\/wp-json\/wp\/v2\/posts\/3720\/revisions"}],"predecessor-version":[{"id":3721,"href":"https:\/\/www.mubilexpo.eus\/fr\/wp-json\/wp\/v2\/posts\/3720\/revisions\/3721"}],"wp:featuredmedia":[{"embeddable":true,"href":"https:\/\/www.mubilexpo.eus\/fr\/wp-json\/wp\/v2\/media\/3714"}],"wp:attachment":[{"href":"https:\/\/www.mubilexpo.eus\/fr\/wp-json\/wp\/v2\/media?parent=3720"}],"wp:term":[{"taxonomy":"category","embeddable":true,"href":"https:\/\/www.mubilexpo.eus\/fr\/wp-json\/wp\/v2\/categories?post=3720"},{"taxonomy":"post_tag","embeddable":true,"href":"https:\/\/www.mubilexpo.eus\/fr\/wp-json\/wp\/v2\/tags?post=3720"}],"curies":[{"name":"wp","href":"https:\/\/api.w.org\/{rel}","templated":true}]}}