{"id":3755,"date":"2022-03-28T07:10:00","date_gmt":"2022-03-28T07:10:00","guid":{"rendered":"https:\/\/www.mubilexpo.eus\/100-entreprises-participeront-a-la-troisieme-edition-de-go-mobility-by-mubil-soit-22-de-plus-quen-2020\/"},"modified":"2023-05-22T18:51:32","modified_gmt":"2023-05-22T18:51:32","slug":"100-entreprises-participeront-a-la-troisieme-edition-de-go-mobility-by-mubil-soit-22-de-plus-quen-2020","status":"publish","type":"post","link":"https:\/\/www.mubilexpo.eus\/fr\/100-entreprises-participeront-a-la-troisieme-edition-de-go-mobility-by-mubil-soit-22-de-plus-quen-2020\/","title":{"rendered":"100 entreprises participeront \u00e0 la troisi\u00e8me \u00e9dition de Go Mobility by MUBIL, soit 22 % de plus qu\u2019en 2020"},"content":{"rendered":"\n<ul class=\"wp-block-list\">\n<li><strong>56 % des entreprises exposantes proviennent de l\u2019ext\u00e9rieur de la CAB et de l\u2019Europe<\/strong><\/li>\n\n\n\n<li><strong>Le salon de l\u2019industrie de la mobilit\u00e9 durable organis\u00e9 par MUBIL, avec le soutien de la D\u00e9putation et du Gouvernement basque, aura lieu les 27 et 28 avril \u00e0 Ficoba<\/strong><\/li>\n<\/ul>\n\n<p>\u00c0 un mois de sa tenue, la troisi\u00e8me \u00e9dition de Go Mobility by MUBIL, le salon de l\u2019industrie de la mobilit\u00e9 durable du Sud de l\u2019Europe, a cl\u00f4tur\u00e9 sa commercialisation, avec 100 % de l\u2019espace vendu. Les 100 entreprises exposantes pr\u00e9senteront leurs produits et services pour une mobilit\u00e9 durable propre, accessible, s\u00fbre et connect\u00e9e aux trois pavillons de Ficoba et \u00e0 la zone ext\u00e9rieure d\u2019exposition, o\u00f9 auront lieu les d\u00e9monstrations et les tests de conduite de v\u00e9hicules pour les visiteurs. Au total, 12 000 m<sup>2<\/sup> d\u2019exposition.  <\/p>\n\n<p>Le salon c\u00e9l\u00e9brera son troisi\u00e8me rendez-vous sous le slogan \u00ab le pr\u00e9sent et le futur de la mobilit\u00e9 durable \u00bb les 27 et 28 avril 2022, au Parc des Expositions Ficoba d\u2019Irun. Cette exposition industrielle, promue par MUBIL Fundazioa, cr\u00e9\u00e9e dans le cadre d\u2019Etorkizuna Eraikiz de la D\u00e9putation Forale de Gipuzkoa et organis\u00e9e par cette derni\u00e8re en collaboration avec Ficoba, b\u00e9n\u00e9ficie du soutien de cette agence forale et du Gouvernement basque, et r\u00e9unit l\u2019ensemble des acteurs de la cha\u00eene de valeur de la nouvelle mobilit\u00e9. <\/p>\n\n<p>La troisi\u00e8me \u00e9dition de Go Mobility by MUBIL pr\u00e9sentera les derni\u00e8res nouveaut\u00e9s du march\u00e9 depuis un double point de vue : industriel et num\u00e9rique. Elle le fera dans l\u2019objectif de rester un point de rencontre pour favoriser les \u00e9changes \u00e0 forte valeur ajout\u00e9e, encourager les projets innovants et promouvoir la transformation industrielle du territoire. Elle comptera un large spectre d\u2019exposants et de visiteurs, impliquant aussi bien des acteurs publics que priv\u00e9s, afin d\u2019encourager la collaboration et la coordination pour relever les d\u00e9fis de la nouvelle mobilit\u00e9. <\/p>\n\n<p>Voil\u00e0 ce qui a \u00e9t\u00e9 annonc\u00e9 aujourd\u2019hui lors de la pr\u00e9sentation par le d\u00e9put\u00e9 en charge de la Promotion \u00c9conomique et des Projets Strat\u00e9giques Jabier Larra\u00f1aga, le directeur de l\u2019Agence de l\u2019\u00c9nergie du Pays Basque I\u00f1igo Ansola, la directrice de MUBIL Ane Insausti et la directrice du salon Monica Alday.<\/p>\n\n<p>Comme indiqu\u00e9, l\u2019\u00e9volution de la commercialisation du salon a \u00e9t\u00e9 tr\u00e8s positive et s\u2019est cl\u00f4tur\u00e9e par 22 <strong>%<\/strong> suppl\u00e9mentaires d\u2019entreprises exposantes par rapport \u00e0 l\u2019\u00e9dition organis\u00e9e en 2020. De m\u00eame, il convient de signaler que 44 % des entreprises pr\u00e9sentes \u00e0 la deuxi\u00e8me \u00e9dition de Go Mobility by MUBIL sont \u00e0 nouveau l\u00e0. <\/p>\n\n<p>Concernant la provenance des entreprises, la capacit\u00e9 du salon \u00e0 attirer des exposants au-del\u00e0 de la Communaut\u00e9 Autonome Basque est importante. Les donn\u00e9es sur l\u2019origine des exposants montrent que 29 % proviennent de Gipuzkoa, 14 % d\u2019Araba et de Bizkaia, 44 % du reste de l\u2019\u00c9tat et 13 % des pays europ\u00e9ens comme l\u2019Allemagne, la France, l\u2019Italie et le Portugal. <\/p>\n\n<p>Des donn\u00e9es qui mettent en valeur le parcours de Go Mobility by MUBIL qui, en trois \u00e9ditions seulement, est devenu un rendez-vous de r\u00e9f\u00e9rence dans le Sud de l\u2019Europe pour tous les agents de l\u2019\u00e9cosyst\u00e8me de la mobilit\u00e9 durable. Un attrait renforc\u00e9 par les d\u00e9lais de plus en plus proches des lois qui montrent le chemin vers une mobilit\u00e9 durable. C\u2019est pourquoi les agents qui doivent prendre des d\u00e9cisions sont nombreux. Cela implique aussi bien des institutions et des grandes entreprises exploitantes que les propres personnes utilisatrices particuli\u00e8res. C\u2019est pourquoi le march\u00e9 consid\u00e8re la troisi\u00e8me \u00e9dition de Go Mobility by MUBIL comme plus n\u00e9cessaire que jamais.  <\/p>\n\n<p>Les visiteurs qui se rendront \u00e0 Go Mobility by MUBIL trouveront une grande vari\u00e9t\u00e9 d\u2019entreprises exposantes de toute la cha\u00eene de valeur de la mobilit\u00e9 durable. Dans cette \u00e9dition, il convient de souligner la participation d\u2019entreprises de solutions compl\u00e8tes de mobilit\u00e9 durable, de solutions de mobilit\u00e9 connect\u00e9e et\/ou partag\u00e9e, d\u2019Infrastructure de recharge, de fabricants de composants et de start-ups, de stockage d\u2019\u00e9nergie, de cabinets de conseil, de centres technologiques et de recherche, de TIC, de fournisseurs de syst\u00e8mes de transport intelligents (ITS), de fabricants de tramways, d\u2019autobus, de voitures, d\u2019administration et d\u2019institutions, de fabricants de v\u00e9hicules de mobilit\u00e9 personnelle, de clusters, d\u2019incubateurs et d\u2019associations, d\u2019ing\u00e9nierie, d\u2019universit\u00e9s et de formation professionnelle. <\/p>\n\n<p><strong>Un salon avec une finalit\u00e9 de vulgarisation<\/strong><\/p>\n\n<p>Le programme de conf\u00e9rences est l\u2019un des attraits de Go Mobility by MUBIL, d\u2019autant plus \u00e0 notre \u00e9poque o\u00f9 le d\u00e9bat sur l\u2019\u00e9nergie et la durabilit\u00e9 est plus que jamais d\u2019actualit\u00e9.<\/p>\n\n<p>Go Mobility by MUBIL va compter sur la pr\u00e9sence d\u2019experts de premier niveau \u00e0 l\u2019\u00e9chelle internationale comme Mar\u00eda Tsavachidis, directrice g\u00e9n\u00e9rale d\u2019EIT Urban Mobility, communaut\u00e9 europ\u00e9enne de connaissance et d\u2019innovation pour acc\u00e9l\u00e9rer la transition vers la mobilit\u00e9 urbaine durable et les espaces urbains habitables, ou Carlos Moreno, urbaniste franco-colombien, directeur de la chaire ETI (Entrepreneuriat, Territoire, Innovation) de l\u2019Universit\u00e9 de la Sorbonne, l\u2019un des plus grands experts en villes intelligentes et initiateur du projet \u00ab Ville des 15 minutes\/Territoire de la demi-heure \u00bb. Une proposition promouvant une reconfiguration urbaine qui fait de l\u2019hyperproximit\u00e9 la cl\u00e9 pour am\u00e9liorer la qualit\u00e9 de vie, entre autres. <\/p>\n\n<p>Au total, 8 conf\u00e9rences et trois tables rondes seront organis\u00e9es pour aborder des th\u00e8mes tels que l\u2019innovation disruptive en mobilit\u00e9, les d\u00e9fis de l\u2019emploi et la formation dans l\u2019automobile du XXIe si\u00e8cle ou la cha\u00eene de valeur des batteries \u00e9lectriques qui entra\u00eene le d\u00e9veloppement durable.<\/p>\n\n<p>Une activit\u00e9 de vulgarisation compl\u00e9t\u00e9e par les 40 conf\u00e9rences techniques programm\u00e9es dans l\u2019espace Exhibitor\u2019s Corner, o\u00f9 les entreprises exposantes ont l\u2019opportunit\u00e9 de proposer une conf\u00e9rence pour parler de leurs nouveaut\u00e9s et de leurs produits.<\/p>\n\n<p>De m\u00eame, un City Market Place servira de point de rencontre entre des villes europ\u00e9ennes qui pr\u00e9sentent des d\u00e9fis concrets en Mobilit\u00e9 Durable et des entreprises qui proposent des produits, des services et des solutions pour les relever, avec la participation d\u2019Iru\u00f1a, de Donostia, de Malaga, de Gasteiz, d\u2019Irun, de la Communaut\u00e9 d\u2019Agglom\u00e9rations de Barcelone et de Braga. De plus, Go Mobility by MUBIL a r\u00e9serv\u00e9 une zone d\u2019exposition pour pr\u00e9senter en format poster des projets europ\u00e9ens de mobilit\u00e9 durable. <\/p>\n\n<p>Une Zone Test Drive a \u00e9galement \u00e9t\u00e9 am\u00e9nag\u00e9e dans la zone ext\u00e9rieure d\u2019exposition de Ficoba pour voir et tester des v\u00e9hicules, avec 7 000 m2 de circuit ferm\u00e9. L\u2019int\u00e9gralit\u00e9 de l\u2019agenda peut \u00eatre consult\u00e9 sur <a href=\"http:\/\/www.gomobility.eus\">www.gomobility.eus<\/a> <\/p>\n\n<p><strong>Attirer l\u2019investissement<\/strong><\/p>\n\n<p>G\u00e9n\u00e9rer du march\u00e9 est l\u2019un des principaux objectifs de Go Mobility by MUBIL. C&rsquo;est pourquoi d&rsquo;importants efforts sont d\u00e9ploy\u00e9s pour attirer des acheteurs nationaux et internationaux qui pr\u00e9voient d&rsquo;investir dans ces secteurs dans les 24 prochains mois. Ainsi, il y a pr\u00e8s de 17 \u00ab hosted buyers \u00bb confirm\u00e9s, des visiteurs professionnels provenant aussi bien d\u2019entreprises publiques que priv\u00e9es, qui auront un agenda personnalis\u00e9 pendant le salon avec au moins 3 r\u00e9unions aux c\u00f4t\u00e9s d\u2019exposants susceptibles de les int\u00e9resser.  <\/p>\n","protected":false},"excerpt":{"rendered":"<p>\u00c0 un mois de sa tenue, la troisi\u00e8me \u00e9dition de Go Mobility by MUBIL, le salon de l\u2019industrie de la mobilit\u00e9 durable du Sud de l\u2019Europe, a cl\u00f4tur\u00e9 sa commercialisation, avec 100 % de l\u2019espace vendu. Les 100 entreprises exposantes pr\u00e9senteront leurs produits et services pour une mobilit\u00e9 durable propre, accessible, s\u00fbre et connect\u00e9e aux [&hellip;]<\/p>\n","protected":false},"author":2,"featured_media":3498,"comment_status":"closed","ping_status":"open","sticky":false,"template":"","format":"standard","meta":{"footnotes":""},"categories":[40],"tags":[],"class_list":["post-3755","post","type-post","status-publish","format-standard","has-post-thumbnail","hentry","category-edition-2022-fr"],"yoast_head":"<!-- This site is optimized with the Yoast SEO plugin v27.1.1 - https:\/\/yoast.com\/product\/yoast-seo-wordpress\/ -->\n<title>100 entreprises participeront \u00e0 la troisi\u00e8me \u00e9dition de Go Mobility by MUBIL, soit 22 % de plus qu\u2019en 2020 - Mubil Mobility Expo<\/title>\n<meta name=\"description\" content=\"La feria profesional de la industria de la movilidad sostenible en el sur de Europa.\" \/>\n<meta name=\"robots\" content=\"index, follow, max-snippet:-1, max-image-preview:large, max-video-preview:-1\" \/>\n<link rel=\"canonical\" href=\"https:\/\/www.mubilexpo.eus\/fr\/100-entreprises-participeront-a-la-troisieme-edition-de-go-mobility-by-mubil-soit-22-de-plus-quen-2020\/\" \/>\n<meta property=\"og:locale\" content=\"fr_FR\" \/>\n<meta property=\"og:type\" content=\"article\" \/>\n<meta property=\"og:title\" content=\"100 entreprises participeront \u00e0 la troisi\u00e8me \u00e9dition de Go Mobility by MUBIL, soit 22 % de plus qu\u2019en 2020 - Mubil Mobility Expo\" \/>\n<meta property=\"og:description\" content=\"La feria profesional de la industria de la movilidad sostenible en el sur de Europa.\" \/>\n<meta property=\"og:url\" content=\"https:\/\/www.mubilexpo.eus\/fr\/100-entreprises-participeront-a-la-troisieme-edition-de-go-mobility-by-mubil-soit-22-de-plus-quen-2020\/\" \/>\n<meta property=\"og:site_name\" content=\"Mubil Mobility Expo\" \/>\n<meta property=\"article:published_time\" content=\"2022-03-28T07:10:00+00:00\" \/>\n<meta property=\"article:modified_time\" content=\"2023-05-22T18:51:32+00:00\" \/>\n<meta property=\"og:image\" content=\"https:\/\/www.mubilexpo.eus\/wp-content\/uploads\/2023\/05\/Go-Mobility-by-MUBIL-1-scaled.jpg\" \/>\n\t<meta property=\"og:image:width\" content=\"2560\" \/>\n\t<meta property=\"og:image:height\" content=\"1920\" \/>\n\t<meta property=\"og:image:type\" content=\"image\/jpeg\" \/>\n<meta name=\"author\" content=\"Uxue Aira\" \/>\n<meta name=\"twitter:card\" content=\"summary_large_image\" \/>\n<meta name=\"twitter:creator\" content=\"@mubilexpo\" \/>\n<meta name=\"twitter:site\" content=\"@mubilexpo\" \/>\n<meta name=\"twitter:label1\" content=\"\u00c9crit par\" \/>\n\t<meta name=\"twitter:data1\" content=\"Uxue Aira\" \/>\n\t<meta name=\"twitter:label2\" content=\"Dur\u00e9e de lecture estim\u00e9e\" \/>\n\t<meta name=\"twitter:data2\" content=\"6 minutes\" \/>\n<script type=\"application\/ld+json\" class=\"yoast-schema-graph\">{\"@context\":\"https:\/\/schema.org\",\"@graph\":[{\"@type\":\"Article\",\"@id\":\"https:\/\/www.mubilexpo.eus\/fr\/100-entreprises-participeront-a-la-troisieme-edition-de-go-mobility-by-mubil-soit-22-de-plus-quen-2020\/#article\",\"isPartOf\":{\"@id\":\"https:\/\/www.mubilexpo.eus\/fr\/100-entreprises-participeront-a-la-troisieme-edition-de-go-mobility-by-mubil-soit-22-de-plus-quen-2020\/\"},\"author\":{\"name\":\"Uxue Aira\",\"@id\":\"https:\/\/www.mubilexpo.eus\/#\/schema\/person\/0793e78b838a0c883f92a54c2f2ca995\"},\"headline\":\"100 entreprises participeront \u00e0 la troisi\u00e8me \u00e9dition de Go Mobility by MUBIL, soit 22 % de plus qu\u2019en 2020\",\"datePublished\":\"2022-03-28T07:10:00+00:00\",\"dateModified\":\"2023-05-22T18:51:32+00:00\",\"mainEntityOfPage\":{\"@id\":\"https:\/\/www.mubilexpo.eus\/fr\/100-entreprises-participeront-a-la-troisieme-edition-de-go-mobility-by-mubil-soit-22-de-plus-quen-2020\/\"},\"wordCount\":1252,\"publisher\":{\"@id\":\"https:\/\/www.mubilexpo.eus\/#organization\"},\"image\":{\"@id\":\"https:\/\/www.mubilexpo.eus\/fr\/100-entreprises-participeront-a-la-troisieme-edition-de-go-mobility-by-mubil-soit-22-de-plus-quen-2020\/#primaryimage\"},\"thumbnailUrl\":\"https:\/\/www.mubilexpo.eus\/wp-content\/uploads\/2023\/05\/Go-Mobility-by-MUBIL-1-scaled.jpg\",\"articleSection\":[\"\u00c9dition 2022\"],\"inLanguage\":\"fr-FR\"},{\"@type\":\"WebPage\",\"@id\":\"https:\/\/www.mubilexpo.eus\/fr\/100-entreprises-participeront-a-la-troisieme-edition-de-go-mobility-by-mubil-soit-22-de-plus-quen-2020\/\",\"url\":\"https:\/\/www.mubilexpo.eus\/fr\/100-entreprises-participeront-a-la-troisieme-edition-de-go-mobility-by-mubil-soit-22-de-plus-quen-2020\/\",\"name\":\"100 entreprises participeront \u00e0 la troisi\u00e8me \u00e9dition de Go Mobility by MUBIL, soit 22 % de plus qu\u2019en 2020 - Mubil Mobility Expo\",\"isPartOf\":{\"@id\":\"https:\/\/www.mubilexpo.eus\/#website\"},\"primaryImageOfPage\":{\"@id\":\"https:\/\/www.mubilexpo.eus\/fr\/100-entreprises-participeront-a-la-troisieme-edition-de-go-mobility-by-mubil-soit-22-de-plus-quen-2020\/#primaryimage\"},\"image\":{\"@id\":\"https:\/\/www.mubilexpo.eus\/fr\/100-entreprises-participeront-a-la-troisieme-edition-de-go-mobility-by-mubil-soit-22-de-plus-quen-2020\/#primaryimage\"},\"thumbnailUrl\":\"https:\/\/www.mubilexpo.eus\/wp-content\/uploads\/2023\/05\/Go-Mobility-by-MUBIL-1-scaled.jpg\",\"datePublished\":\"2022-03-28T07:10:00+00:00\",\"dateModified\":\"2023-05-22T18:51:32+00:00\",\"description\":\"La feria profesional de la industria de la movilidad sostenible en el sur de Europa.\",\"breadcrumb\":{\"@id\":\"https:\/\/www.mubilexpo.eus\/fr\/100-entreprises-participeront-a-la-troisieme-edition-de-go-mobility-by-mubil-soit-22-de-plus-quen-2020\/#breadcrumb\"},\"inLanguage\":\"fr-FR\",\"potentialAction\":[{\"@type\":\"ReadAction\",\"target\":[\"https:\/\/www.mubilexpo.eus\/fr\/100-entreprises-participeront-a-la-troisieme-edition-de-go-mobility-by-mubil-soit-22-de-plus-quen-2020\/\"]}]},{\"@type\":\"ImageObject\",\"inLanguage\":\"fr-FR\",\"@id\":\"https:\/\/www.mubilexpo.eus\/fr\/100-entreprises-participeront-a-la-troisieme-edition-de-go-mobility-by-mubil-soit-22-de-plus-quen-2020\/#primaryimage\",\"url\":\"https:\/\/www.mubilexpo.eus\/wp-content\/uploads\/2023\/05\/Go-Mobility-by-MUBIL-1-scaled.jpg\",\"contentUrl\":\"https:\/\/www.mubilexpo.eus\/wp-content\/uploads\/2023\/05\/Go-Mobility-by-MUBIL-1-scaled.jpg\",\"width\":2560,\"height\":1920},{\"@type\":\"BreadcrumbList\",\"@id\":\"https:\/\/www.mubilexpo.eus\/fr\/100-entreprises-participeront-a-la-troisieme-edition-de-go-mobility-by-mubil-soit-22-de-plus-quen-2020\/#breadcrumb\",\"itemListElement\":[{\"@type\":\"ListItem\",\"position\":1,\"name\":\"Portada\",\"item\":\"https:\/\/www.mubilexpo.eus\/fr\/home\/\"},{\"@type\":\"ListItem\",\"position\":2,\"name\":\"100 entreprises participeront \u00e0 la troisi\u00e8me \u00e9dition de Go Mobility by MUBIL, soit 22 % de plus qu\u2019en 2020\"}]},{\"@type\":\"WebSite\",\"@id\":\"https:\/\/www.mubilexpo.eus\/#website\",\"url\":\"https:\/\/www.mubilexpo.eus\/\",\"name\":\"Mubil Mobility Expo\",\"description\":\"5e \u00e9dition du salon professionnel de la mobilit\u00e9 durable, avec des solutions industrielles et num\u00e9riques. 25\u201326 mars 2026 \u00e0 FICOBA (Basque Country).\",\"publisher\":{\"@id\":\"https:\/\/www.mubilexpo.eus\/#organization\"},\"alternateName\":\"La feria profesional de la industria de la movilidad sostenible en el sur de Europa.\",\"potentialAction\":[{\"@type\":\"SearchAction\",\"target\":{\"@type\":\"EntryPoint\",\"urlTemplate\":\"https:\/\/www.mubilexpo.eus\/?s={search_term_string}\"},\"query-input\":{\"@type\":\"PropertyValueSpecification\",\"valueRequired\":true,\"valueName\":\"search_term_string\"}}],\"inLanguage\":\"fr-FR\"},{\"@type\":\"Organization\",\"@id\":\"https:\/\/www.mubilexpo.eus\/#organization\",\"name\":\"Mubil Mobility Expo\",\"alternateName\":\"La feria profesional de la industria de la movilidad sostenible en el sur de Europa.\",\"url\":\"https:\/\/www.mubilexpo.eus\/\",\"logo\":{\"@type\":\"ImageObject\",\"inLanguage\":\"fr-FR\",\"@id\":\"https:\/\/www.mubilexpo.eus\/#\/schema\/logo\/image\/\",\"url\":\"https:\/\/www.mubilexpo.eus\/wp-content\/uploads\/2023\/05\/AZUL_horizontal.png\",\"contentUrl\":\"https:\/\/www.mubilexpo.eus\/wp-content\/uploads\/2023\/05\/AZUL_horizontal.png\",\"width\":3781,\"height\":286,\"caption\":\"Mubil Mobility Expo\"},\"image\":{\"@id\":\"https:\/\/www.mubilexpo.eus\/#\/schema\/logo\/image\/\"},\"sameAs\":[\"https:\/\/x.com\/mubilexpo\",\"https:\/\/www.linkedin.com\/company\/mubilexpo\/\"]},{\"@type\":\"Person\",\"@id\":\"https:\/\/www.mubilexpo.eus\/#\/schema\/person\/0793e78b838a0c883f92a54c2f2ca995\",\"name\":\"Uxue Aira\",\"image\":{\"@type\":\"ImageObject\",\"inLanguage\":\"fr-FR\",\"@id\":\"https:\/\/www.mubilexpo.eus\/#\/schema\/person\/image\/\",\"url\":\"https:\/\/secure.gravatar.com\/avatar\/972263eb2a9b0141d18266190429a838793c2d49f3e4d2873ade05c73eb3c91c?s=96&d=mm&r=g\",\"contentUrl\":\"https:\/\/secure.gravatar.com\/avatar\/972263eb2a9b0141d18266190429a838793c2d49f3e4d2873ade05c73eb3c91c?s=96&d=mm&r=g\",\"caption\":\"Uxue Aira\"},\"url\":\"https:\/\/www.mubilexpo.eus\/fr\/author\/uxue\/\"}]}<\/script>\n<!-- \/ Yoast SEO plugin. -->","yoast_head_json":{"title":"100 entreprises participeront \u00e0 la troisi\u00e8me \u00e9dition de Go Mobility by MUBIL, soit 22 % de plus qu\u2019en 2020 - Mubil Mobility Expo","description":"La feria profesional de la industria de la movilidad sostenible en el sur de Europa.","robots":{"index":"index","follow":"follow","max-snippet":"max-snippet:-1","max-image-preview":"max-image-preview:large","max-video-preview":"max-video-preview:-1"},"canonical":"https:\/\/www.mubilexpo.eus\/fr\/100-entreprises-participeront-a-la-troisieme-edition-de-go-mobility-by-mubil-soit-22-de-plus-quen-2020\/","og_locale":"fr_FR","og_type":"article","og_title":"100 entreprises participeront \u00e0 la troisi\u00e8me \u00e9dition de Go Mobility by MUBIL, soit 22 % de plus qu\u2019en 2020 - Mubil Mobility Expo","og_description":"La feria profesional de la industria de la movilidad sostenible en el sur de Europa.","og_url":"https:\/\/www.mubilexpo.eus\/fr\/100-entreprises-participeront-a-la-troisieme-edition-de-go-mobility-by-mubil-soit-22-de-plus-quen-2020\/","og_site_name":"Mubil Mobility Expo","article_published_time":"2022-03-28T07:10:00+00:00","article_modified_time":"2023-05-22T18:51:32+00:00","og_image":[{"width":2560,"height":1920,"url":"https:\/\/www.mubilexpo.eus\/wp-content\/uploads\/2023\/05\/Go-Mobility-by-MUBIL-1-scaled.jpg","type":"image\/jpeg"}],"author":"Uxue Aira","twitter_card":"summary_large_image","twitter_creator":"@mubilexpo","twitter_site":"@mubilexpo","twitter_misc":{"\u00c9crit par":"Uxue Aira","Dur\u00e9e de lecture estim\u00e9e":"6 minutes"},"schema":{"@context":"https:\/\/schema.org","@graph":[{"@type":"Article","@id":"https:\/\/www.mubilexpo.eus\/fr\/100-entreprises-participeront-a-la-troisieme-edition-de-go-mobility-by-mubil-soit-22-de-plus-quen-2020\/#article","isPartOf":{"@id":"https:\/\/www.mubilexpo.eus\/fr\/100-entreprises-participeront-a-la-troisieme-edition-de-go-mobility-by-mubil-soit-22-de-plus-quen-2020\/"},"author":{"name":"Uxue Aira","@id":"https:\/\/www.mubilexpo.eus\/#\/schema\/person\/0793e78b838a0c883f92a54c2f2ca995"},"headline":"100 entreprises participeront \u00e0 la troisi\u00e8me \u00e9dition de Go Mobility by MUBIL, soit 22 % de plus qu\u2019en 2020","datePublished":"2022-03-28T07:10:00+00:00","dateModified":"2023-05-22T18:51:32+00:00","mainEntityOfPage":{"@id":"https:\/\/www.mubilexpo.eus\/fr\/100-entreprises-participeront-a-la-troisieme-edition-de-go-mobility-by-mubil-soit-22-de-plus-quen-2020\/"},"wordCount":1252,"publisher":{"@id":"https:\/\/www.mubilexpo.eus\/#organization"},"image":{"@id":"https:\/\/www.mubilexpo.eus\/fr\/100-entreprises-participeront-a-la-troisieme-edition-de-go-mobility-by-mubil-soit-22-de-plus-quen-2020\/#primaryimage"},"thumbnailUrl":"https:\/\/www.mubilexpo.eus\/wp-content\/uploads\/2023\/05\/Go-Mobility-by-MUBIL-1-scaled.jpg","articleSection":["\u00c9dition 2022"],"inLanguage":"fr-FR"},{"@type":"WebPage","@id":"https:\/\/www.mubilexpo.eus\/fr\/100-entreprises-participeront-a-la-troisieme-edition-de-go-mobility-by-mubil-soit-22-de-plus-quen-2020\/","url":"https:\/\/www.mubilexpo.eus\/fr\/100-entreprises-participeront-a-la-troisieme-edition-de-go-mobility-by-mubil-soit-22-de-plus-quen-2020\/","name":"100 entreprises participeront \u00e0 la troisi\u00e8me \u00e9dition de Go Mobility by MUBIL, soit 22 % de plus qu\u2019en 2020 - Mubil Mobility Expo","isPartOf":{"@id":"https:\/\/www.mubilexpo.eus\/#website"},"primaryImageOfPage":{"@id":"https:\/\/www.mubilexpo.eus\/fr\/100-entreprises-participeront-a-la-troisieme-edition-de-go-mobility-by-mubil-soit-22-de-plus-quen-2020\/#primaryimage"},"image":{"@id":"https:\/\/www.mubilexpo.eus\/fr\/100-entreprises-participeront-a-la-troisieme-edition-de-go-mobility-by-mubil-soit-22-de-plus-quen-2020\/#primaryimage"},"thumbnailUrl":"https:\/\/www.mubilexpo.eus\/wp-content\/uploads\/2023\/05\/Go-Mobility-by-MUBIL-1-scaled.jpg","datePublished":"2022-03-28T07:10:00+00:00","dateModified":"2023-05-22T18:51:32+00:00","description":"La feria profesional de la industria de la movilidad sostenible en el sur de Europa.","breadcrumb":{"@id":"https:\/\/www.mubilexpo.eus\/fr\/100-entreprises-participeront-a-la-troisieme-edition-de-go-mobility-by-mubil-soit-22-de-plus-quen-2020\/#breadcrumb"},"inLanguage":"fr-FR","potentialAction":[{"@type":"ReadAction","target":["https:\/\/www.mubilexpo.eus\/fr\/100-entreprises-participeront-a-la-troisieme-edition-de-go-mobility-by-mubil-soit-22-de-plus-quen-2020\/"]}]},{"@type":"ImageObject","inLanguage":"fr-FR","@id":"https:\/\/www.mubilexpo.eus\/fr\/100-entreprises-participeront-a-la-troisieme-edition-de-go-mobility-by-mubil-soit-22-de-plus-quen-2020\/#primaryimage","url":"https:\/\/www.mubilexpo.eus\/wp-content\/uploads\/2023\/05\/Go-Mobility-by-MUBIL-1-scaled.jpg","contentUrl":"https:\/\/www.mubilexpo.eus\/wp-content\/uploads\/2023\/05\/Go-Mobility-by-MUBIL-1-scaled.jpg","width":2560,"height":1920},{"@type":"BreadcrumbList","@id":"https:\/\/www.mubilexpo.eus\/fr\/100-entreprises-participeront-a-la-troisieme-edition-de-go-mobility-by-mubil-soit-22-de-plus-quen-2020\/#breadcrumb","itemListElement":[{"@type":"ListItem","position":1,"name":"Portada","item":"https:\/\/www.mubilexpo.eus\/fr\/home\/"},{"@type":"ListItem","position":2,"name":"100 entreprises participeront \u00e0 la troisi\u00e8me \u00e9dition de Go Mobility by MUBIL, soit 22 % de plus qu\u2019en 2020"}]},{"@type":"WebSite","@id":"https:\/\/www.mubilexpo.eus\/#website","url":"https:\/\/www.mubilexpo.eus\/","name":"Mubil Mobility Expo","description":"5e \u00e9dition du salon professionnel de la mobilit\u00e9 durable, avec des solutions industrielles et num\u00e9riques. 25\u201326 mars 2026 \u00e0 FICOBA (Basque Country).","publisher":{"@id":"https:\/\/www.mubilexpo.eus\/#organization"},"alternateName":"La feria profesional de la industria de la movilidad sostenible en el sur de Europa.","potentialAction":[{"@type":"SearchAction","target":{"@type":"EntryPoint","urlTemplate":"https:\/\/www.mubilexpo.eus\/?s={search_term_string}"},"query-input":{"@type":"PropertyValueSpecification","valueRequired":true,"valueName":"search_term_string"}}],"inLanguage":"fr-FR"},{"@type":"Organization","@id":"https:\/\/www.mubilexpo.eus\/#organization","name":"Mubil Mobility Expo","alternateName":"La feria profesional de la industria de la movilidad sostenible en el sur de Europa.","url":"https:\/\/www.mubilexpo.eus\/","logo":{"@type":"ImageObject","inLanguage":"fr-FR","@id":"https:\/\/www.mubilexpo.eus\/#\/schema\/logo\/image\/","url":"https:\/\/www.mubilexpo.eus\/wp-content\/uploads\/2023\/05\/AZUL_horizontal.png","contentUrl":"https:\/\/www.mubilexpo.eus\/wp-content\/uploads\/2023\/05\/AZUL_horizontal.png","width":3781,"height":286,"caption":"Mubil Mobility Expo"},"image":{"@id":"https:\/\/www.mubilexpo.eus\/#\/schema\/logo\/image\/"},"sameAs":["https:\/\/x.com\/mubilexpo","https:\/\/www.linkedin.com\/company\/mubilexpo\/"]},{"@type":"Person","@id":"https:\/\/www.mubilexpo.eus\/#\/schema\/person\/0793e78b838a0c883f92a54c2f2ca995","name":"Uxue Aira","image":{"@type":"ImageObject","inLanguage":"fr-FR","@id":"https:\/\/www.mubilexpo.eus\/#\/schema\/person\/image\/","url":"https:\/\/secure.gravatar.com\/avatar\/972263eb2a9b0141d18266190429a838793c2d49f3e4d2873ade05c73eb3c91c?s=96&d=mm&r=g","contentUrl":"https:\/\/secure.gravatar.com\/avatar\/972263eb2a9b0141d18266190429a838793c2d49f3e4d2873ade05c73eb3c91c?s=96&d=mm&r=g","caption":"Uxue Aira"},"url":"https:\/\/www.mubilexpo.eus\/fr\/author\/uxue\/"}]}},"_links":{"self":[{"href":"https:\/\/www.mubilexpo.eus\/fr\/wp-json\/wp\/v2\/posts\/3755","targetHints":{"allow":["GET"]}}],"collection":[{"href":"https:\/\/www.mubilexpo.eus\/fr\/wp-json\/wp\/v2\/posts"}],"about":[{"href":"https:\/\/www.mubilexpo.eus\/fr\/wp-json\/wp\/v2\/types\/post"}],"author":[{"embeddable":true,"href":"https:\/\/www.mubilexpo.eus\/fr\/wp-json\/wp\/v2\/users\/2"}],"replies":[{"embeddable":true,"href":"https:\/\/www.mubilexpo.eus\/fr\/wp-json\/wp\/v2\/comments?post=3755"}],"version-history":[{"count":1,"href":"https:\/\/www.mubilexpo.eus\/fr\/wp-json\/wp\/v2\/posts\/3755\/revisions"}],"predecessor-version":[{"id":3756,"href":"https:\/\/www.mubilexpo.eus\/fr\/wp-json\/wp\/v2\/posts\/3755\/revisions\/3756"}],"wp:featuredmedia":[{"embeddable":true,"href":"https:\/\/www.mubilexpo.eus\/fr\/wp-json\/wp\/v2\/media\/3498"}],"wp:attachment":[{"href":"https:\/\/www.mubilexpo.eus\/fr\/wp-json\/wp\/v2\/media?parent=3755"}],"wp:term":[{"taxonomy":"category","embeddable":true,"href":"https:\/\/www.mubilexpo.eus\/fr\/wp-json\/wp\/v2\/categories?post=3755"},{"taxonomy":"post_tag","embeddable":true,"href":"https:\/\/www.mubilexpo.eus\/fr\/wp-json\/wp\/v2\/tags?post=3755"}],"curies":[{"name":"wp","href":"https:\/\/api.w.org\/{rel}","templated":true}]}}